{"id":90,"date":"2024-03-10T13:28:42","date_gmt":"2024-03-10T12:28:42","guid":{"rendered":"https:\/\/www.reservisten-brandenburg.de\/wettkampf\/2024\/03\/10\/landesgruppe-brandenburg-unterwegs-in-der-saechsischen-schweiz\/"},"modified":"2024-03-10T13:28:42","modified_gmt":"2024-03-10T12:28:42","slug":"landesgruppe-brandenburg-unterwegs-in-der-saechsischen-schweiz","status":"publish","type":"post","link":"https:\/\/www.reservisten-brandenburg.de\/wettkampf\/2024\/03\/10\/landesgruppe-brandenburg-unterwegs-in-der-saechsischen-schweiz\/","title":{"rendered":"Landesgruppe Brandenburg unterwegs in der S\u00e4chsischen Schweiz"},"content":{"rendered":"\n<p>Die Ablauflinie \u00fcberschritten, im Gruppenchat best\u00e4tigten die f\u00fcnf Kfz-Gruppen, dass sie die A13 Richtung Dresden erreicht hatten. Bei k\u00fchlen 6 Grad machten sich 13 Reservistinnen und Reservisten aus Berlin und Brandenburg auf den Weg in die S\u00e4chsische Schweiz. Der <a href=\"https:\/\/www.reservisten-brandenburg.de\/die-landesgruppe\/landesvorstand\/\">Landesvorsitzende<\/a>, Oberstleutnant d.R. Randolf Marc Richter, organisierte und leitete die Wander- und Klettertour durch die markanten Felsformationen, Klippen und Felsnadeln der S\u00e4chsischen Schweiz. Diese beeindruckende Landschaft ist sowohl f\u00fcr Anf\u00e4nger als auch f\u00fcr Fortgeschrittene ein ideales Wander- und Klettergebiet.\u00a0<\/p>\n\n\n\n<!--more-->\n\n\n\n<p>Bereits um 07:30 Uhr stand die Gruppe geschlossen am Startpunkt. Nach einer kurzen Einweisung ging es auch schon los. Vorbei am markanten Blo\u00dfstock ging es zum ersten Einstieg. Zuvor wurden jedoch die Sicherungsma\u00dfnahmen f\u00fcr alle Teilnehmerinnen und Teilnehmer wiederholt. Vom Anlegen des H\u00fcft- und Beckengurtes bis hin zum richtigen Umgang mit Sicherungsseil und Karabiner. Beim Partnercheck wurde der Sitz der Ausr\u00fcstung \u00fcberpr\u00fcft.&nbsp;<\/p>\n\n\n\n<p>An diesem Tag standen Knoten und Bunde, Sicherungsma\u00dfnahmen, Kletterf\u00e4higkeiten und k\u00f6rperliche Belastung im Vordergrund. Soldaten m\u00fcssen fit, robust und gut ausgebildet sein &#8211; das gilt auch f\u00fcr die Reserve.\u00a0<\/p>\n\n\n\n<figure class=\"wp-block-image size-large\"><img decoding=\"async\" src=\"https:\/\/www.reservisten-brandenburg.de\/wp-content\/uploads\/2024\/03\/2024-03-09_Klettertour-Saechsische-Schweiz_03_Richter-1024x576.jpg\" alt=\"\" class=\"wp-image-10084\"\/><figcaption class=\"wp-element-caption\">Brandenburger und Berliner Reservisten auf einer Klettertour in der S\u00e4chsische Schweiz \n(Foto: Randolf Richter)<\/figcaption><\/figure>\n\n\n\n<p>Nach dem Einstieg in die H\u00e4ntzschelstiege folgten weitere Abschnitte wie der enge H\u00e4ntzschelkamin, entlang des Langen Horns bis zur Rotkehlchenstiege. Insgesamt umfasste die Tour knapp 15 km mit mehreren Auf- und Abstiegen. Zwischendurch wurde auch trainiert. Jeder Teilnehmende durfte zu Beginn der \u00dcbung einen kleinen Zettel ziehen. Darauf hatte der Leiter verschiedene Aufgaben oder Situationen beschrieben oder skizziert. Im Laufe der Tour sollten die Kameradinnen und Kameraden daraus den Auftrag ableiten und eine Entschluss formulieren: &#8222;Wer macht was, wie, wann, wo, warum?&#8220;&nbsp;<\/p>\n\n\n\n<p>Zum Abschluss ging es \u00fcber die R\u00fcbezahlstiege zur\u00fcck zum Release Point. Der Einstieg in die R\u00fcbezahlstiege ist auf den ersten 5 Metern etwas schwierig, da es keine Sicherungsm\u00f6glichkeit gibt. Da die Sicherheit oberste Priorit\u00e4t hat, entschied sich die Klettergruppe, auch diesen kurzen Abschnitt zu sichern. Zwei \u201ezivile\u201c Wandergruppen wollten schon umkehren, nahmen dann aber unser Unterst\u00fctzungsangebot dankbar an. Insgesamt waren die Reservistinnen und Reservisten aus Brandenburg und Berlin 7 Stunden unterwegs. Wer jetzt denkt, dass hier nur die jungen Kameradinnen und Kameraden unterwegs waren, der irrt. Der \u00e4lteste Kamerad aus der Landesgruppe Brandenburg war mit 62 Jahren immer vorne mit dabei. Dies zeigt deutlich, dass das Alter keine Grenze f\u00fcr Leistungsf\u00e4higkeit und Einsatzbereitschaft darstellt.&nbsp;<\/p>\n\n\n\n<p>Erfahren Sie mehr \u00fcber unsere zuk\u00fcnftigen Herausforderungen und wie wir uns als Reserve in der Landesgruppe Brandenburg stetig weiterentwickeln.\u00a0<\/p>\n\n\n\n<p><em>Text &amp; Foto: Randolf Richter<\/em><\/p>\n","protected":false},"excerpt":{"rendered":"<p>Die Ablauflinie \u00fcberschritten, im Gruppenchat best\u00e4tigten die f\u00fcnf Kfz-Gruppen, dass sie die A13 Richtung Dresden erreicht hatten. Bei k\u00fchlen 6 Grad machten sich 13 Reservistinnen und Reservisten aus Berlin und [&hellip;]<\/p>\n","protected":false},"author":12,"featured_media":91,"comment_status":"open","ping_status":"open","sticky":false,"template":"","format":"standard","meta":{"footnotes":""},"categories":[14,15],"tags":[16,17,18,19,20],"class_list":["post-90","post","type-post","status-publish","format-standard","has-post-thumbnail","hentry","category-militaerische-ausbildung","category-wettkampftraining","tag-berlin","tag-brandenburg","tag-reservistenverband","tag-sport","tag-wettkampf"],"yoast_head":"<!-- This site is optimized with the Yoast SEO plugin v27.4 - https:\/\/yoast.com\/product\/yoast-seo-wordpress\/ -->\n<title>Landesgruppe Brandenburg unterwegs in der S\u00e4chsischen Schweiz - Milit\u00e4rwettkampf<\/title>\n<meta name=\"robots\" content=\"noindex, follow, max-snippet:-1, max-image-preview:large, max-video-preview:-1\" \/>\n<meta property=\"og:locale\" content=\"de_DE\" \/>\n<meta property=\"og:type\" content=\"article\" \/>\n<meta property=\"og:title\" content=\"Landesgruppe Brandenburg unterwegs in der S\u00e4chsischen Schweiz - Milit\u00e4rwettkampf\" \/>\n<meta property=\"og:description\" content=\"Die Ablauflinie \u00fcberschritten, im Gruppenchat best\u00e4tigten die f\u00fcnf Kfz-Gruppen, dass sie die A13 Richtung Dresden erreicht hatten. Bei k\u00fchlen 6 Grad machten sich 13 Reservistinnen und Reservisten aus Berlin und [&hellip;]\" \/>\n<meta property=\"og:url\" content=\"https:\/\/www.reservisten-brandenburg.de\/wettkampf\/2024\/03\/10\/landesgruppe-brandenburg-unterwegs-in-der-saechsischen-schweiz\/\" \/>\n<meta property=\"og:site_name\" content=\"Milit\u00e4rwettkampf\" \/>\n<meta property=\"article:publisher\" content=\"https:\/\/www.facebook.com\/reservisten.brandenburg\/\" \/>\n<meta property=\"article:author\" content=\"https:\/\/www.facebook.com\/ronald.nitschke.9\" \/>\n<meta property=\"article:published_time\" content=\"2024-03-10T12:28:42+00:00\" \/>\n<meta property=\"og:image\" content=\"https:\/\/www.reservisten-brandenburg.de\/wettkampf\/wp-content\/uploads\/sites\/13\/2024\/03\/2024-03-09_Klettertour-Saechsische-Schweiz_05_Richter.jpg\" \/>\n\t<meta property=\"og:image:width\" content=\"1600\" \/>\n\t<meta property=\"og:image:height\" content=\"900\" \/>\n\t<meta property=\"og:image:type\" content=\"image\/jpeg\" \/>\n<meta name=\"author\" content=\"Ronald Nitschke\" \/>\n<meta name=\"twitter:card\" content=\"summary_large_image\" \/>\n<meta name=\"twitter:creator\" content=\"@ResPotsdam\" \/>\n<meta name=\"twitter:site\" content=\"@ResBrandenburg\" \/>\n<meta name=\"twitter:label1\" content=\"Verfasst von\" \/>\n\t<meta name=\"twitter:data1\" content=\"Ronald Nitschke\" \/>\n\t<meta name=\"twitter:label2\" content=\"Gesch\u00e4tzte Lesezeit\" \/>\n\t<meta name=\"twitter:data2\" content=\"2\u00a0Minuten\" \/>\n<script type=\"application\/ld+json\" class=\"yoast-schema-graph\">{\"@context\":\"https:\\\/\\\/schema.org\",\"@graph\":[{\"@type\":\"Article\",\"@id\":\"https:\\\/\\\/www.reservisten-brandenburg.de\\\/wettkampf\\\/2024\\\/03\\\/10\\\/landesgruppe-brandenburg-unterwegs-in-der-saechsischen-schweiz\\\/#article\",\"isPartOf\":{\"@id\":\"https:\\\/\\\/www.reservisten-brandenburg.de\\\/wettkampf\\\/2024\\\/03\\\/10\\\/landesgruppe-brandenburg-unterwegs-in-der-saechsischen-schweiz\\\/\"},\"author\":{\"name\":\"Ronald Nitschke\",\"@id\":\"https:\\\/\\\/www.reservisten-brandenburg.de\\\/wettkampf\\\/#\\\/schema\\\/person\\\/b99e21e3d546b3c5d8000a8c6369e917\"},\"headline\":\"Landesgruppe Brandenburg unterwegs in der S\u00e4chsischen Schweiz\",\"datePublished\":\"2024-03-10T12:28:42+00:00\",\"mainEntityOfPage\":{\"@id\":\"https:\\\/\\\/www.reservisten-brandenburg.de\\\/wettkampf\\\/2024\\\/03\\\/10\\\/landesgruppe-brandenburg-unterwegs-in-der-saechsischen-schweiz\\\/\"},\"wordCount\":439,\"commentCount\":0,\"publisher\":{\"@id\":\"https:\\\/\\\/www.reservisten-brandenburg.de\\\/wettkampf\\\/#organization\"},\"image\":{\"@id\":\"https:\\\/\\\/www.reservisten-brandenburg.de\\\/wettkampf\\\/2024\\\/03\\\/10\\\/landesgruppe-brandenburg-unterwegs-in-der-saechsischen-schweiz\\\/#primaryimage\"},\"thumbnailUrl\":\"https:\\\/\\\/www.reservisten-brandenburg.de\\\/wettkampf\\\/wp-content\\\/uploads\\\/sites\\\/13\\\/2024\\\/03\\\/2024-03-09_Klettertour-Saechsische-Schweiz_05_Richter.jpg\",\"keywords\":[\"Berlin\",\"Brandenburg\",\"Reservistenverband\",\"Sport\",\"Wettkampf\"],\"articleSection\":[\"Milit\u00e4rische Ausbildung\",\"Wettkampftraining\"],\"inLanguage\":\"de\",\"potentialAction\":[{\"@type\":\"CommentAction\",\"name\":\"Comment\",\"target\":[\"https:\\\/\\\/www.reservisten-brandenburg.de\\\/wettkampf\\\/2024\\\/03\\\/10\\\/landesgruppe-brandenburg-unterwegs-in-der-saechsischen-schweiz\\\/#respond\"]}]},{\"@type\":\"WebPage\",\"@id\":\"https:\\\/\\\/www.reservisten-brandenburg.de\\\/wettkampf\\\/2024\\\/03\\\/10\\\/landesgruppe-brandenburg-unterwegs-in-der-saechsischen-schweiz\\\/\",\"url\":\"https:\\\/\\\/www.reservisten-brandenburg.de\\\/wettkampf\\\/2024\\\/03\\\/10\\\/landesgruppe-brandenburg-unterwegs-in-der-saechsischen-schweiz\\\/\",\"name\":\"Landesgruppe Brandenburg unterwegs in der S\u00e4chsischen Schweiz - Milit\u00e4rwettkampf\",\"isPartOf\":{\"@id\":\"https:\\\/\\\/www.reservisten-brandenburg.de\\\/wettkampf\\\/#website\"},\"primaryImageOfPage\":{\"@id\":\"https:\\\/\\\/www.reservisten-brandenburg.de\\\/wettkampf\\\/2024\\\/03\\\/10\\\/landesgruppe-brandenburg-unterwegs-in-der-saechsischen-schweiz\\\/#primaryimage\"},\"image\":{\"@id\":\"https:\\\/\\\/www.reservisten-brandenburg.de\\\/wettkampf\\\/2024\\\/03\\\/10\\\/landesgruppe-brandenburg-unterwegs-in-der-saechsischen-schweiz\\\/#primaryimage\"},\"thumbnailUrl\":\"https:\\\/\\\/www.reservisten-brandenburg.de\\\/wettkampf\\\/wp-content\\\/uploads\\\/sites\\\/13\\\/2024\\\/03\\\/2024-03-09_Klettertour-Saechsische-Schweiz_05_Richter.jpg\",\"datePublished\":\"2024-03-10T12:28:42+00:00\",\"breadcrumb\":{\"@id\":\"https:\\\/\\\/www.reservisten-brandenburg.de\\\/wettkampf\\\/2024\\\/03\\\/10\\\/landesgruppe-brandenburg-unterwegs-in-der-saechsischen-schweiz\\\/#breadcrumb\"},\"inLanguage\":\"de\",\"potentialAction\":[{\"@type\":\"ReadAction\",\"target\":[\"https:\\\/\\\/www.reservisten-brandenburg.de\\\/wettkampf\\\/2024\\\/03\\\/10\\\/landesgruppe-brandenburg-unterwegs-in-der-saechsischen-schweiz\\\/\"]}]},{\"@type\":\"ImageObject\",\"inLanguage\":\"de\",\"@id\":\"https:\\\/\\\/www.reservisten-brandenburg.de\\\/wettkampf\\\/2024\\\/03\\\/10\\\/landesgruppe-brandenburg-unterwegs-in-der-saechsischen-schweiz\\\/#primaryimage\",\"url\":\"https:\\\/\\\/www.reservisten-brandenburg.de\\\/wettkampf\\\/wp-content\\\/uploads\\\/sites\\\/13\\\/2024\\\/03\\\/2024-03-09_Klettertour-Saechsische-Schweiz_05_Richter.jpg\",\"contentUrl\":\"https:\\\/\\\/www.reservisten-brandenburg.de\\\/wettkampf\\\/wp-content\\\/uploads\\\/sites\\\/13\\\/2024\\\/03\\\/2024-03-09_Klettertour-Saechsische-Schweiz_05_Richter.jpg\",\"width\":1600,\"height\":900,\"caption\":\"Brandenburger und Berliner Reservisten auf einer Klettertour in der S\u00e4chsische Schweiz (Foto: Randolf Richter)\"},{\"@type\":\"BreadcrumbList\",\"@id\":\"https:\\\/\\\/www.reservisten-brandenburg.de\\\/wettkampf\\\/2024\\\/03\\\/10\\\/landesgruppe-brandenburg-unterwegs-in-der-saechsischen-schweiz\\\/#breadcrumb\",\"itemListElement\":[{\"@type\":\"ListItem\",\"position\":1,\"name\":\"Startseite\",\"item\":\"https:\\\/\\\/www.reservisten-brandenburg.de\\\/wettkampf\\\/\"},{\"@type\":\"ListItem\",\"position\":2,\"name\":\"Landesgruppe Brandenburg unterwegs in der S\u00e4chsischen Schweiz\"}]},{\"@type\":\"WebSite\",\"@id\":\"https:\\\/\\\/www.reservisten-brandenburg.de\\\/wettkampf\\\/#website\",\"url\":\"https:\\\/\\\/www.reservisten-brandenburg.de\\\/wettkampf\\\/\",\"name\":\"Milit\u00e4rwettkampf\",\"description\":\"Milit\u00e4rwettkampfe f\u00fcr Brandenburger Reservisten\",\"publisher\":{\"@id\":\"https:\\\/\\\/www.reservisten-brandenburg.de\\\/wettkampf\\\/#organization\"},\"potentialAction\":[{\"@type\":\"SearchAction\",\"target\":{\"@type\":\"EntryPoint\",\"urlTemplate\":\"https:\\\/\\\/www.reservisten-brandenburg.de\\\/wettkampf\\\/?s={search_term_string}\"},\"query-input\":{\"@type\":\"PropertyValueSpecification\",\"valueRequired\":true,\"valueName\":\"search_term_string\"}}],\"inLanguage\":\"de\"},{\"@type\":\"Organization\",\"@id\":\"https:\\\/\\\/www.reservisten-brandenburg.de\\\/wettkampf\\\/#organization\",\"name\":\"Reservistenverband Brandenburg\",\"url\":\"https:\\\/\\\/www.reservisten-brandenburg.de\\\/wettkampf\\\/\",\"logo\":{\"@type\":\"ImageObject\",\"inLanguage\":\"de\",\"@id\":\"https:\\\/\\\/www.reservisten-brandenburg.de\\\/wettkampf\\\/#\\\/schema\\\/logo\\\/image\\\/\",\"url\":\"\",\"contentUrl\":\"\",\"caption\":\"Reservistenverband Brandenburg\"},\"image\":{\"@id\":\"https:\\\/\\\/www.reservisten-brandenburg.de\\\/wettkampf\\\/#\\\/schema\\\/logo\\\/image\\\/\"},\"sameAs\":[\"https:\\\/\\\/www.facebook.com\\\/reservisten.brandenburg\\\/\",\"https:\\\/\\\/x.com\\\/ResBrandenburg\",\"https:\\\/\\\/www.youtube.com\\\/channel\\\/UC30IySNYu79rnI6_89Sdf_A\",\"https:\\\/\\\/de.wikipedia.org\\\/wiki\\\/Verband_der_Reservisten_der_Deutschen_Bundeswehr\"]},{\"@type\":\"Person\",\"@id\":\"https:\\\/\\\/www.reservisten-brandenburg.de\\\/wettkampf\\\/#\\\/schema\\\/person\\\/b99e21e3d546b3c5d8000a8c6369e917\",\"name\":\"Ronald Nitschke\",\"image\":{\"@type\":\"ImageObject\",\"inLanguage\":\"de\",\"@id\":\"https:\\\/\\\/secure.gravatar.com\\\/avatar\\\/4b4e956e7f12ebfeb975388715d2dca23111bc7627ddfce235ff01ea60cae6c6?s=96&d=mm&r=g\",\"url\":\"https:\\\/\\\/secure.gravatar.com\\\/avatar\\\/4b4e956e7f12ebfeb975388715d2dca23111bc7627ddfce235ff01ea60cae6c6?s=96&d=mm&r=g\",\"contentUrl\":\"https:\\\/\\\/secure.gravatar.com\\\/avatar\\\/4b4e956e7f12ebfeb975388715d2dca23111bc7627ddfce235ff01ea60cae6c6?s=96&d=mm&r=g\",\"caption\":\"Ronald Nitschke\"},\"description\":\"Vorsitzender der Reservistenkameradschaft Potsdam und stellvertretender Landesvorsitzender mit Aufgabenschwerpunkt Presse und Kommunikation sowie IT und Digitalisierung.\",\"sameAs\":[\"https:\\\/\\\/www.ronaldnitschke.de\",\"https:\\\/\\\/www.facebook.com\\\/ronald.nitschke.9\",\"https:\\\/\\\/www.linkedin.com\\\/in\\\/ronaldnitschke\\\/\",\"https:\\\/\\\/x.com\\\/ResPotsdam\"],\"url\":\"https:\\\/\\\/www.reservisten-brandenburg.de\\\/wettkampf\\\/author\\\/ronald\\\/\"}]}<\/script>\n<!-- \/ Yoast SEO plugin. -->","yoast_head_json":{"title":"Landesgruppe Brandenburg unterwegs in der S\u00e4chsischen Schweiz - Milit\u00e4rwettkampf","robots":{"index":"noindex","follow":"follow","max-snippet":"max-snippet:-1","max-image-preview":"max-image-preview:large","max-video-preview":"max-video-preview:-1"},"og_locale":"de_DE","og_type":"article","og_title":"Landesgruppe Brandenburg unterwegs in der S\u00e4chsischen Schweiz - Milit\u00e4rwettkampf","og_description":"Die Ablauflinie \u00fcberschritten, im Gruppenchat best\u00e4tigten die f\u00fcnf Kfz-Gruppen, dass sie die A13 Richtung Dresden erreicht hatten. Bei k\u00fchlen 6 Grad machten sich 13 Reservistinnen und Reservisten aus Berlin und [&hellip;]","og_url":"https:\/\/www.reservisten-brandenburg.de\/wettkampf\/2024\/03\/10\/landesgruppe-brandenburg-unterwegs-in-der-saechsischen-schweiz\/","og_site_name":"Milit\u00e4rwettkampf","article_publisher":"https:\/\/www.facebook.com\/reservisten.brandenburg\/","article_author":"https:\/\/www.facebook.com\/ronald.nitschke.9","article_published_time":"2024-03-10T12:28:42+00:00","og_image":[{"width":1600,"height":900,"url":"https:\/\/www.reservisten-brandenburg.de\/wettkampf\/wp-content\/uploads\/sites\/13\/2024\/03\/2024-03-09_Klettertour-Saechsische-Schweiz_05_Richter.jpg","type":"image\/jpeg"}],"author":"Ronald Nitschke","twitter_card":"summary_large_image","twitter_creator":"@ResPotsdam","twitter_site":"@ResBrandenburg","twitter_misc":{"Verfasst von":"Ronald Nitschke","Gesch\u00e4tzte Lesezeit":"2\u00a0Minuten"},"schema":{"@context":"https:\/\/schema.org","@graph":[{"@type":"Article","@id":"https:\/\/www.reservisten-brandenburg.de\/wettkampf\/2024\/03\/10\/landesgruppe-brandenburg-unterwegs-in-der-saechsischen-schweiz\/#article","isPartOf":{"@id":"https:\/\/www.reservisten-brandenburg.de\/wettkampf\/2024\/03\/10\/landesgruppe-brandenburg-unterwegs-in-der-saechsischen-schweiz\/"},"author":{"name":"Ronald Nitschke","@id":"https:\/\/www.reservisten-brandenburg.de\/wettkampf\/#\/schema\/person\/b99e21e3d546b3c5d8000a8c6369e917"},"headline":"Landesgruppe Brandenburg unterwegs in der S\u00e4chsischen Schweiz","datePublished":"2024-03-10T12:28:42+00:00","mainEntityOfPage":{"@id":"https:\/\/www.reservisten-brandenburg.de\/wettkampf\/2024\/03\/10\/landesgruppe-brandenburg-unterwegs-in-der-saechsischen-schweiz\/"},"wordCount":439,"commentCount":0,"publisher":{"@id":"https:\/\/www.reservisten-brandenburg.de\/wettkampf\/#organization"},"image":{"@id":"https:\/\/www.reservisten-brandenburg.de\/wettkampf\/2024\/03\/10\/landesgruppe-brandenburg-unterwegs-in-der-saechsischen-schweiz\/#primaryimage"},"thumbnailUrl":"https:\/\/www.reservisten-brandenburg.de\/wettkampf\/wp-content\/uploads\/sites\/13\/2024\/03\/2024-03-09_Klettertour-Saechsische-Schweiz_05_Richter.jpg","keywords":["Berlin","Brandenburg","Reservistenverband","Sport","Wettkampf"],"articleSection":["Milit\u00e4rische Ausbildung","Wettkampftraining"],"inLanguage":"de","potentialAction":[{"@type":"CommentAction","name":"Comment","target":["https:\/\/www.reservisten-brandenburg.de\/wettkampf\/2024\/03\/10\/landesgruppe-brandenburg-unterwegs-in-der-saechsischen-schweiz\/#respond"]}]},{"@type":"WebPage","@id":"https:\/\/www.reservisten-brandenburg.de\/wettkampf\/2024\/03\/10\/landesgruppe-brandenburg-unterwegs-in-der-saechsischen-schweiz\/","url":"https:\/\/www.reservisten-brandenburg.de\/wettkampf\/2024\/03\/10\/landesgruppe-brandenburg-unterwegs-in-der-saechsischen-schweiz\/","name":"Landesgruppe Brandenburg unterwegs in der S\u00e4chsischen Schweiz - Milit\u00e4rwettkampf","isPartOf":{"@id":"https:\/\/www.reservisten-brandenburg.de\/wettkampf\/#website"},"primaryImageOfPage":{"@id":"https:\/\/www.reservisten-brandenburg.de\/wettkampf\/2024\/03\/10\/landesgruppe-brandenburg-unterwegs-in-der-saechsischen-schweiz\/#primaryimage"},"image":{"@id":"https:\/\/www.reservisten-brandenburg.de\/wettkampf\/2024\/03\/10\/landesgruppe-brandenburg-unterwegs-in-der-saechsischen-schweiz\/#primaryimage"},"thumbnailUrl":"https:\/\/www.reservisten-brandenburg.de\/wettkampf\/wp-content\/uploads\/sites\/13\/2024\/03\/2024-03-09_Klettertour-Saechsische-Schweiz_05_Richter.jpg","datePublished":"2024-03-10T12:28:42+00:00","breadcrumb":{"@id":"https:\/\/www.reservisten-brandenburg.de\/wettkampf\/2024\/03\/10\/landesgruppe-brandenburg-unterwegs-in-der-saechsischen-schweiz\/#breadcrumb"},"inLanguage":"de","potentialAction":[{"@type":"ReadAction","target":["https:\/\/www.reservisten-brandenburg.de\/wettkampf\/2024\/03\/10\/landesgruppe-brandenburg-unterwegs-in-der-saechsischen-schweiz\/"]}]},{"@type":"ImageObject","inLanguage":"de","@id":"https:\/\/www.reservisten-brandenburg.de\/wettkampf\/2024\/03\/10\/landesgruppe-brandenburg-unterwegs-in-der-saechsischen-schweiz\/#primaryimage","url":"https:\/\/www.reservisten-brandenburg.de\/wettkampf\/wp-content\/uploads\/sites\/13\/2024\/03\/2024-03-09_Klettertour-Saechsische-Schweiz_05_Richter.jpg","contentUrl":"https:\/\/www.reservisten-brandenburg.de\/wettkampf\/wp-content\/uploads\/sites\/13\/2024\/03\/2024-03-09_Klettertour-Saechsische-Schweiz_05_Richter.jpg","width":1600,"height":900,"caption":"Brandenburger und Berliner Reservisten auf einer Klettertour in der S\u00e4chsische Schweiz (Foto: Randolf Richter)"},{"@type":"BreadcrumbList","@id":"https:\/\/www.reservisten-brandenburg.de\/wettkampf\/2024\/03\/10\/landesgruppe-brandenburg-unterwegs-in-der-saechsischen-schweiz\/#breadcrumb","itemListElement":[{"@type":"ListItem","position":1,"name":"Startseite","item":"https:\/\/www.reservisten-brandenburg.de\/wettkampf\/"},{"@type":"ListItem","position":2,"name":"Landesgruppe Brandenburg unterwegs in der S\u00e4chsischen Schweiz"}]},{"@type":"WebSite","@id":"https:\/\/www.reservisten-brandenburg.de\/wettkampf\/#website","url":"https:\/\/www.reservisten-brandenburg.de\/wettkampf\/","name":"Milit\u00e4rwettkampf","description":"Milit\u00e4rwettkampfe f\u00fcr Brandenburger Reservisten","publisher":{"@id":"https:\/\/www.reservisten-brandenburg.de\/wettkampf\/#organization"},"potentialAction":[{"@type":"SearchAction","target":{"@type":"EntryPoint","urlTemplate":"https:\/\/www.reservisten-brandenburg.de\/wettkampf\/?s={search_term_string}"},"query-input":{"@type":"PropertyValueSpecification","valueRequired":true,"valueName":"search_term_string"}}],"inLanguage":"de"},{"@type":"Organization","@id":"https:\/\/www.reservisten-brandenburg.de\/wettkampf\/#organization","name":"Reservistenverband Brandenburg","url":"https:\/\/www.reservisten-brandenburg.de\/wettkampf\/","logo":{"@type":"ImageObject","inLanguage":"de","@id":"https:\/\/www.reservisten-brandenburg.de\/wettkampf\/#\/schema\/logo\/image\/","url":"","contentUrl":"","caption":"Reservistenverband Brandenburg"},"image":{"@id":"https:\/\/www.reservisten-brandenburg.de\/wettkampf\/#\/schema\/logo\/image\/"},"sameAs":["https:\/\/www.facebook.com\/reservisten.brandenburg\/","https:\/\/x.com\/ResBrandenburg","https:\/\/www.youtube.com\/channel\/UC30IySNYu79rnI6_89Sdf_A","https:\/\/de.wikipedia.org\/wiki\/Verband_der_Reservisten_der_Deutschen_Bundeswehr"]},{"@type":"Person","@id":"https:\/\/www.reservisten-brandenburg.de\/wettkampf\/#\/schema\/person\/b99e21e3d546b3c5d8000a8c6369e917","name":"Ronald Nitschke","image":{"@type":"ImageObject","inLanguage":"de","@id":"https:\/\/secure.gravatar.com\/avatar\/4b4e956e7f12ebfeb975388715d2dca23111bc7627ddfce235ff01ea60cae6c6?s=96&d=mm&r=g","url":"https:\/\/secure.gravatar.com\/avatar\/4b4e956e7f12ebfeb975388715d2dca23111bc7627ddfce235ff01ea60cae6c6?s=96&d=mm&r=g","contentUrl":"https:\/\/secure.gravatar.com\/avatar\/4b4e956e7f12ebfeb975388715d2dca23111bc7627ddfce235ff01ea60cae6c6?s=96&d=mm&r=g","caption":"Ronald Nitschke"},"description":"Vorsitzender der Reservistenkameradschaft Potsdam und stellvertretender Landesvorsitzender mit Aufgabenschwerpunkt Presse und Kommunikation sowie IT und Digitalisierung.","sameAs":["https:\/\/www.ronaldnitschke.de","https:\/\/www.facebook.com\/ronald.nitschke.9","https:\/\/www.linkedin.com\/in\/ronaldnitschke\/","https:\/\/x.com\/ResPotsdam"],"url":"https:\/\/www.reservisten-brandenburg.de\/wettkampf\/author\/ronald\/"}]}},"_links":{"self":[{"href":"https:\/\/www.reservisten-brandenburg.de\/wettkampf\/wp-json\/wp\/v2\/posts\/90","targetHints":{"allow":["GET"]}}],"collection":[{"href":"https:\/\/www.reservisten-brandenburg.de\/wettkampf\/wp-json\/wp\/v2\/posts"}],"about":[{"href":"https:\/\/www.reservisten-brandenburg.de\/wettkampf\/wp-json\/wp\/v2\/types\/post"}],"author":[{"embeddable":true,"href":"https:\/\/www.reservisten-brandenburg.de\/wettkampf\/wp-json\/wp\/v2\/users\/12"}],"replies":[{"embeddable":true,"href":"https:\/\/www.reservisten-brandenburg.de\/wettkampf\/wp-json\/wp\/v2\/comments?post=90"}],"version-history":[{"count":0,"href":"https:\/\/www.reservisten-brandenburg.de\/wettkampf\/wp-json\/wp\/v2\/posts\/90\/revisions"}],"wp:featuredmedia":[{"embeddable":true,"href":"https:\/\/www.reservisten-brandenburg.de\/wettkampf\/wp-json\/wp\/v2\/media\/91"}],"wp:attachment":[{"href":"https:\/\/www.reservisten-brandenburg.de\/wettkampf\/wp-json\/wp\/v2\/media?parent=90"}],"wp:term":[{"taxonomy":"category","embeddable":true,"href":"https:\/\/www.reservisten-brandenburg.de\/wettkampf\/wp-json\/wp\/v2\/categories?post=90"},{"taxonomy":"post_tag","embeddable":true,"href":"https:\/\/www.reservisten-brandenburg.de\/wettkampf\/wp-json\/wp\/v2\/tags?post=90"}],"curies":[{"name":"wp","href":"https:\/\/api.w.org\/{rel}","templated":true}]}}