{"id":83,"date":"2023-10-09T20:47:35","date_gmt":"2023-10-09T18:47:35","guid":{"rendered":"https:\/\/www.reservisten-brandenburg.de\/wettkampf\/2023\/10\/09\/erfolgreicher-auftakt-des-neuen-wettkampfkaders-beim-imm\/"},"modified":"2023-10-09T21:18:55","modified_gmt":"2023-10-09T19:18:55","slug":"erfolgreicher-auftakt-des-neuen-wettkampfkaders-beim-imm","status":"publish","type":"post","link":"https:\/\/www.reservisten-brandenburg.de\/wettkampf\/2023\/10\/09\/erfolgreicher-auftakt-des-neuen-wettkampfkaders-beim-imm\/","title":{"rendered":"Erfolgreicher Auftakt des neuen Wettkampfkaders beim IMM"},"content":{"rendered":"\n<p>Der neu aufgestellte Wettkampfkader Berlin-Brandenburg konnte am 30. September seinen ersten Fu\u00dfabdruck beim <a href=\"https:\/\/www.imm-bundeswehr.de\/\" target=\"_blank\" rel=\"noreferrer noopener\">Internationalen Milit\u00e4rwettkampf M\u00f6nchengladbach (IMM)<\/a> hinterlassen. Mit einem zweiten Platz in der Kategorie Reserve und einem beachtlichen f\u00fcnften Platz in der Gesamtwertung konnte der Kader bereits bei seinem ersten Auftritt \u00fcberzeugen.<\/p>\n\n\n\n<!--more-->\n\n\n\n<p>Was steckt hinter der Gr\u00fcndung des Wettkampfkaders Berlin-Brandenburg?<\/p>\n\n\n\n<p>W\u00e4hrend der COVID-19-Pandemie sind viele Wettk\u00e4mpfe ausgefallen und viele Wettkampfgruppen in einen Dornr\u00f6schenschlaf verfallen. Mit der Bildung des Wettkampfkaders Berlin-Brandenburg wird nun das Ziel verfolgt, den Wettkampfsport wieder zu beleben. Dazu sollen die Ressourcen geb\u00fcndelt werden. Dahinter steckt die Idee, dass man gemeinsam mehr erreichen und die Last auf viele Schultern verteilen kann.<\/p>\n\n\n\n<p>Der Kader besteht derzeit aus 30 Reservistinnen und Reservisten aus Berlin und Brandenburg, darunter unbeorderte und beorderte Reservisten aus verschiedenen Truppenteilen, u.a. dem Panzergrenadierbataillon 908, dem Gebirgspanzerbataillon 8, dem Objektschutzregiment der Luftwaffe Friesland, den Heimatschutzkompanien aus Brandenburg und Berlin sowie dem Wachbataillon. Diese Vielfalt erm\u00f6glicht es dem Kader, auf ein breites Spektrum an Fachwissen zur\u00fcckzugreifen. Wir verstehen uns als Netzwerk und Koordinator von Veranstaltungen. Die Mitwirkung basiert auf Freiwilligkeit und der zeitlichen Verf\u00fcgbarkeit jedes Einzelnen. Weder gibt es eine Verpflichtung, an allen Veranstaltungen, egal ob Training oder Wettkampf, teilzunehmen, noch dazu ausschlie\u00dflich als Kader Berlin-Brandenburg in Erscheinung zu treten.<\/p>\n\n\n\n<figure class=\"wp-block-image size-large\"><img decoding=\"async\" src=\"https:\/\/www.reservisten-brandenburg.de\/wp-content\/uploads\/2023\/10\/30-09-2023-IMM-San-1024x576.jpg\" alt=\"Ein Reservist des Wettkampfkader Brandenburg-Berlin versorgt einen Verwundeten w\u00e4hrend des IMM 2023.\" class=\"wp-image-9817\"\/><figcaption class=\"wp-element-caption\">Ein Reservist des Wettkampfkader Brandenburg-Berlin versorgt einen Verwundeten w\u00e4hrend des IMM 2023.<\/figcaption><\/figure>\n\n\n\n<p>Der gemeinsame Gedanke des Wettkampfkaders ist es, unabh\u00e4ngig von den Landesgrenzen an Wettk\u00e4mpfen teilzunehmen. Der Schwerpunkt liegt auf der Leistung und Bef\u00e4higung innerhalb des Kaders. Dies erh\u00f6ht die Chancen, wieder auf dem Siegertreppchen zu stehen. Die Unterst\u00fctzung der beorderungsunabh\u00e4ngigen Reservistenarbeit des Landeskommandos Brandenburg ist dabei von besonderer Bedeutung.<\/p>\n\n\n\n<p>Unter dem Motto &#8222;F\u00f6rdern und Fordern&#8220; betonten <a href=\"https:\/\/www.reservisten-brandenburg.de\/die-landesgruppe\/landesvorstand\/\">Oberstleutnant d.R. Randold Richter<\/a>, Vorsitzender der Landesgruppe Brandenburg, und Oberstleutnant d.R. Dr. Sebastian S\u00f6llner, Vorsitzender der Landesgruppe Berlin, die zentrale Bedeutung der kooperativen Zusammenarbeit. Die St\u00e4rkung unserer F\u00e4higkeiten durch gemeinsame Trainings- und Ausbildungsma\u00dfnahmen ist von herausragender Bedeutung. Mit Blick auf die geplanten sieben Wettk\u00e4mpfe im Jahr 2024 ist ein gut abgestimmtes Trainings- und Ausbildungsprogramm von entscheidender Bedeutung.<\/p>\n\n\n\n<p>Geplante Teilnahmen 2024 Wettkampfkader Berlin-Brandenburg:<\/p>\n\n\n\n<figure class=\"wp-block-table is-style-stripes\"><table><thead><tr><th>Datum<\/th><th>Wettkampf<\/th><th>Ort<\/th><\/tr><\/thead><tbody><tr><td>Januar<\/td><td>Nachorientierungs\u00fcbung EISWOLF<\/td><td>Schleswig-Holstein<\/td><\/tr><tr><td>Februar<\/td><td>Milit\u00e4rischer Kommando- und Patrouillenwettkampf BLUENAIL<\/td><td>D\u00e4nemark<\/td><\/tr><tr><td>M\u00e4rz<\/td><td>Internationaler Milit\u00e4rwettkampf Klater Marsch <\/td><td>Bruchsal<\/td><\/tr><tr><td>Mai<\/td><td><a href=\"https:\/\/www.oderlandmarsch.de\/\">Oderlandmarsch<\/a><\/td><td>Guben\/Gubin<\/td><\/tr><tr><td>Juni<\/td><td>Deutsche Reservistenmeisterschaft<\/td><td>Mittenwalde<\/td><\/tr><tr><td>August<\/td><td>Internationale milit\u00e4rische \u00dcbung mit Wettkampfcharakter &#8211; Admiral Pitka Recon Challenge<\/td><td>Estland<\/td><\/tr><tr><td>September<\/td><td>Milit\u00e4rischer Vielseitigkeitswettkampf Nordic Infantry Competition<\/td><td>Putlos<\/td><\/tr><\/tbody><\/table><figcaption class=\"wp-element-caption\">Geplante Wettkampfteilnahmen des Wettkampfkader Berlin-Brandenburg f\u00fcr 2024<\/figcaption><\/figure>\n\n\n\n<p><em>Der Wettkampfkader Berlin-Brandenburg freut sich \u00fcber jede Form der Unterst\u00fctzung, sei es in der Ausbildung, Vorbereitung und Organisation oder als aktive Wettk\u00e4mpferInnen.<\/em><\/p>\n","protected":false},"excerpt":{"rendered":"<p>Der neu aufgestellte Wettkampfkader Berlin-Brandenburg konnte am 30. September seinen ersten Fu\u00dfabdruck beim Internationalen Milit\u00e4rwettkampf M\u00f6nchengladbach (IMM) hinterlassen. Mit einem zweiten Platz in der Kategorie Reserve und einem beachtlichen f\u00fcnften [&hellip;]<\/p>\n","protected":false},"author":12,"featured_media":84,"comment_status":"open","ping_status":"open","sticky":false,"template":"","format":"standard","meta":{"footnotes":""},"categories":[12,11],"tags":[],"class_list":["post-83","post","type-post","status-publish","format-standard","has-post-thumbnail","hentry","category-militaerischer-vielseitigkeitswettkampf","category-wettkampf"],"yoast_head":"<!-- This site is optimized with the Yoast SEO plugin v27.4 - https:\/\/yoast.com\/product\/yoast-seo-wordpress\/ -->\n<title>Erfolgreicher Auftakt des neuen Wettkampfkaders beim IMM - Milit\u00e4rwettkampf<\/title>\n<meta name=\"robots\" content=\"noindex, follow, max-snippet:-1, max-image-preview:large, max-video-preview:-1\" \/>\n<meta property=\"og:locale\" content=\"de_DE\" \/>\n<meta property=\"og:type\" content=\"article\" \/>\n<meta property=\"og:title\" content=\"Erfolgreicher Auftakt des neuen Wettkampfkaders beim IMM - Milit\u00e4rwettkampf\" \/>\n<meta property=\"og:description\" content=\"Der neu aufgestellte Wettkampfkader Berlin-Brandenburg konnte am 30. September seinen ersten Fu\u00dfabdruck beim Internationalen Milit\u00e4rwettkampf M\u00f6nchengladbach (IMM) hinterlassen. Mit einem zweiten Platz in der Kategorie Reserve und einem beachtlichen f\u00fcnften [&hellip;]\" \/>\n<meta property=\"og:url\" content=\"https:\/\/www.reservisten-brandenburg.de\/blog\/2023\/10\/09\/erfolgreicher-auftakt-des-neuen-wettkampfkaders\/\" \/>\n<meta property=\"og:site_name\" content=\"Milit\u00e4rwettkampf\" \/>\n<meta property=\"article:publisher\" content=\"https:\/\/www.facebook.com\/reservisten.brandenburg\/\" \/>\n<meta property=\"article:author\" content=\"https:\/\/www.facebook.com\/ronald.nitschke.9\" \/>\n<meta property=\"article:published_time\" content=\"2023-10-09T18:47:35+00:00\" \/>\n<meta property=\"article:modified_time\" content=\"2023-10-09T19:18:55+00:00\" \/>\n<meta property=\"og:image\" content=\"http:\/\/www.reservisten-brandenburg.de\/wettkampf\/wp-content\/uploads\/sites\/13\/2023\/10\/300923_IMM.jpg\" \/>\n\t<meta property=\"og:image:width\" content=\"1600\" \/>\n\t<meta property=\"og:image:height\" content=\"900\" \/>\n\t<meta property=\"og:image:type\" content=\"image\/jpeg\" \/>\n<meta name=\"author\" content=\"Ronald Nitschke\" \/>\n<meta name=\"twitter:card\" content=\"summary_large_image\" \/>\n<meta name=\"twitter:creator\" content=\"@ResPotsdam\" \/>\n<meta name=\"twitter:site\" content=\"@ResBrandenburg\" \/>\n<meta name=\"twitter:label1\" content=\"Verfasst von\" \/>\n\t<meta name=\"twitter:data1\" content=\"Ronald Nitschke\" \/>\n\t<meta name=\"twitter:label2\" content=\"Gesch\u00e4tzte Lesezeit\" \/>\n\t<meta name=\"twitter:data2\" content=\"3\u00a0Minuten\" \/>\n<script type=\"application\/ld+json\" class=\"yoast-schema-graph\">{\"@context\":\"https:\\\/\\\/schema.org\",\"@graph\":[{\"@type\":\"Article\",\"@id\":\"https:\\\/\\\/www.reservisten-brandenburg.de\\\/blog\\\/2023\\\/10\\\/09\\\/erfolgreicher-auftakt-des-neuen-wettkampfkaders\\\/#article\",\"isPartOf\":{\"@id\":\"https:\\\/\\\/www.reservisten-brandenburg.de\\\/wettkampf\\\/2023\\\/10\\\/09\\\/erfolgreicher-auftakt-des-neuen-wettkampfkaders-beim-imm\\\/\"},\"author\":{\"name\":\"Ronald Nitschke\",\"@id\":\"https:\\\/\\\/www.reservisten-brandenburg.de\\\/wettkampf\\\/#\\\/schema\\\/person\\\/b99e21e3d546b3c5d8000a8c6369e917\"},\"headline\":\"Erfolgreicher Auftakt des neuen Wettkampfkaders beim IMM\",\"datePublished\":\"2023-10-09T18:47:35+00:00\",\"dateModified\":\"2023-10-09T19:18:55+00:00\",\"mainEntityOfPage\":{\"@id\":\"https:\\\/\\\/www.reservisten-brandenburg.de\\\/wettkampf\\\/2023\\\/10\\\/09\\\/erfolgreicher-auftakt-des-neuen-wettkampfkaders-beim-imm\\\/\"},\"wordCount\":447,\"commentCount\":0,\"publisher\":{\"@id\":\"https:\\\/\\\/www.reservisten-brandenburg.de\\\/wettkampf\\\/#organization\"},\"image\":{\"@id\":\"https:\\\/\\\/www.reservisten-brandenburg.de\\\/blog\\\/2023\\\/10\\\/09\\\/erfolgreicher-auftakt-des-neuen-wettkampfkaders\\\/#primaryimage\"},\"thumbnailUrl\":\"https:\\\/\\\/www.reservisten-brandenburg.de\\\/wettkampf\\\/wp-content\\\/uploads\\\/sites\\\/13\\\/2023\\\/10\\\/300923_IMM.jpg\",\"articleSection\":[\"Milit\u00e4rischer Vielseitigkeitswettkampf\",\"Wettkampf\"],\"inLanguage\":\"de\",\"potentialAction\":[{\"@type\":\"CommentAction\",\"name\":\"Comment\",\"target\":[\"https:\\\/\\\/www.reservisten-brandenburg.de\\\/blog\\\/2023\\\/10\\\/09\\\/erfolgreicher-auftakt-des-neuen-wettkampfkaders\\\/#respond\"]}]},{\"@type\":\"WebPage\",\"@id\":\"https:\\\/\\\/www.reservisten-brandenburg.de\\\/wettkampf\\\/2023\\\/10\\\/09\\\/erfolgreicher-auftakt-des-neuen-wettkampfkaders-beim-imm\\\/\",\"url\":\"https:\\\/\\\/www.reservisten-brandenburg.de\\\/blog\\\/2023\\\/10\\\/09\\\/erfolgreicher-auftakt-des-neuen-wettkampfkaders\\\/\",\"name\":\"Erfolgreicher Auftakt des neuen Wettkampfkaders beim IMM - Milit\u00e4rwettkampf\",\"isPartOf\":{\"@id\":\"https:\\\/\\\/www.reservisten-brandenburg.de\\\/wettkampf\\\/#website\"},\"primaryImageOfPage\":{\"@id\":\"https:\\\/\\\/www.reservisten-brandenburg.de\\\/blog\\\/2023\\\/10\\\/09\\\/erfolgreicher-auftakt-des-neuen-wettkampfkaders\\\/#primaryimage\"},\"image\":{\"@id\":\"https:\\\/\\\/www.reservisten-brandenburg.de\\\/blog\\\/2023\\\/10\\\/09\\\/erfolgreicher-auftakt-des-neuen-wettkampfkaders\\\/#primaryimage\"},\"thumbnailUrl\":\"https:\\\/\\\/www.reservisten-brandenburg.de\\\/wettkampf\\\/wp-content\\\/uploads\\\/sites\\\/13\\\/2023\\\/10\\\/300923_IMM.jpg\",\"datePublished\":\"2023-10-09T18:47:35+00:00\",\"dateModified\":\"2023-10-09T19:18:55+00:00\",\"breadcrumb\":{\"@id\":\"https:\\\/\\\/www.reservisten-brandenburg.de\\\/blog\\\/2023\\\/10\\\/09\\\/erfolgreicher-auftakt-des-neuen-wettkampfkaders\\\/#breadcrumb\"},\"inLanguage\":\"de\",\"potentialAction\":[{\"@type\":\"ReadAction\",\"target\":[\"https:\\\/\\\/www.reservisten-brandenburg.de\\\/blog\\\/2023\\\/10\\\/09\\\/erfolgreicher-auftakt-des-neuen-wettkampfkaders\\\/\"]}]},{\"@type\":\"ImageObject\",\"inLanguage\":\"de\",\"@id\":\"https:\\\/\\\/www.reservisten-brandenburg.de\\\/blog\\\/2023\\\/10\\\/09\\\/erfolgreicher-auftakt-des-neuen-wettkampfkaders\\\/#primaryimage\",\"url\":\"https:\\\/\\\/www.reservisten-brandenburg.de\\\/wettkampf\\\/wp-content\\\/uploads\\\/sites\\\/13\\\/2023\\\/10\\\/300923_IMM.jpg\",\"contentUrl\":\"https:\\\/\\\/www.reservisten-brandenburg.de\\\/wettkampf\\\/wp-content\\\/uploads\\\/sites\\\/13\\\/2023\\\/10\\\/300923_IMM.jpg\",\"width\":1600,\"height\":900,\"caption\":\"Der erfolgreiche Wettkampfkader Brandenburg-Berlin beim IMM 2023\"},{\"@type\":\"BreadcrumbList\",\"@id\":\"https:\\\/\\\/www.reservisten-brandenburg.de\\\/blog\\\/2023\\\/10\\\/09\\\/erfolgreicher-auftakt-des-neuen-wettkampfkaders\\\/#breadcrumb\",\"itemListElement\":[{\"@type\":\"ListItem\",\"position\":1,\"name\":\"Startseite\",\"item\":\"https:\\\/\\\/www.reservisten-brandenburg.de\\\/wettkampf\\\/\"},{\"@type\":\"ListItem\",\"position\":2,\"name\":\"Erfolgreicher Auftakt des neuen Wettkampfkaders beim IMM\"}]},{\"@type\":\"WebSite\",\"@id\":\"https:\\\/\\\/www.reservisten-brandenburg.de\\\/wettkampf\\\/#website\",\"url\":\"https:\\\/\\\/www.reservisten-brandenburg.de\\\/wettkampf\\\/\",\"name\":\"Milit\u00e4rwettkampf\",\"description\":\"Milit\u00e4rwettkampfe f\u00fcr Brandenburger Reservisten\",\"publisher\":{\"@id\":\"https:\\\/\\\/www.reservisten-brandenburg.de\\\/wettkampf\\\/#organization\"},\"potentialAction\":[{\"@type\":\"SearchAction\",\"target\":{\"@type\":\"EntryPoint\",\"urlTemplate\":\"https:\\\/\\\/www.reservisten-brandenburg.de\\\/wettkampf\\\/?s={search_term_string}\"},\"query-input\":{\"@type\":\"PropertyValueSpecification\",\"valueRequired\":true,\"valueName\":\"search_term_string\"}}],\"inLanguage\":\"de\"},{\"@type\":\"Organization\",\"@id\":\"https:\\\/\\\/www.reservisten-brandenburg.de\\\/wettkampf\\\/#organization\",\"name\":\"Reservistenverband Brandenburg\",\"url\":\"https:\\\/\\\/www.reservisten-brandenburg.de\\\/wettkampf\\\/\",\"logo\":{\"@type\":\"ImageObject\",\"inLanguage\":\"de\",\"@id\":\"https:\\\/\\\/www.reservisten-brandenburg.de\\\/wettkampf\\\/#\\\/schema\\\/logo\\\/image\\\/\",\"url\":\"\",\"contentUrl\":\"\",\"caption\":\"Reservistenverband Brandenburg\"},\"image\":{\"@id\":\"https:\\\/\\\/www.reservisten-brandenburg.de\\\/wettkampf\\\/#\\\/schema\\\/logo\\\/image\\\/\"},\"sameAs\":[\"https:\\\/\\\/www.facebook.com\\\/reservisten.brandenburg\\\/\",\"https:\\\/\\\/x.com\\\/ResBrandenburg\",\"https:\\\/\\\/www.youtube.com\\\/channel\\\/UC30IySNYu79rnI6_89Sdf_A\",\"https:\\\/\\\/de.wikipedia.org\\\/wiki\\\/Verband_der_Reservisten_der_Deutschen_Bundeswehr\"]},{\"@type\":\"Person\",\"@id\":\"https:\\\/\\\/www.reservisten-brandenburg.de\\\/wettkampf\\\/#\\\/schema\\\/person\\\/b99e21e3d546b3c5d8000a8c6369e917\",\"name\":\"Ronald Nitschke\",\"image\":{\"@type\":\"ImageObject\",\"inLanguage\":\"de\",\"@id\":\"https:\\\/\\\/secure.gravatar.com\\\/avatar\\\/4b4e956e7f12ebfeb975388715d2dca23111bc7627ddfce235ff01ea60cae6c6?s=96&d=mm&r=g\",\"url\":\"https:\\\/\\\/secure.gravatar.com\\\/avatar\\\/4b4e956e7f12ebfeb975388715d2dca23111bc7627ddfce235ff01ea60cae6c6?s=96&d=mm&r=g\",\"contentUrl\":\"https:\\\/\\\/secure.gravatar.com\\\/avatar\\\/4b4e956e7f12ebfeb975388715d2dca23111bc7627ddfce235ff01ea60cae6c6?s=96&d=mm&r=g\",\"caption\":\"Ronald Nitschke\"},\"description\":\"Vorsitzender der Reservistenkameradschaft Potsdam und stellvertretender Landesvorsitzender mit Aufgabenschwerpunkt Presse und Kommunikation sowie IT und Digitalisierung.\",\"sameAs\":[\"https:\\\/\\\/www.ronaldnitschke.de\",\"https:\\\/\\\/www.facebook.com\\\/ronald.nitschke.9\",\"https:\\\/\\\/www.linkedin.com\\\/in\\\/ronaldnitschke\\\/\",\"https:\\\/\\\/x.com\\\/ResPotsdam\"],\"url\":\"https:\\\/\\\/www.reservisten-brandenburg.de\\\/wettkampf\\\/author\\\/ronald\\\/\"}]}<\/script>\n<!-- \/ Yoast SEO plugin. -->","yoast_head_json":{"title":"Erfolgreicher Auftakt des neuen Wettkampfkaders beim IMM - Milit\u00e4rwettkampf","robots":{"index":"noindex","follow":"follow","max-snippet":"max-snippet:-1","max-image-preview":"max-image-preview:large","max-video-preview":"max-video-preview:-1"},"og_locale":"de_DE","og_type":"article","og_title":"Erfolgreicher Auftakt des neuen Wettkampfkaders beim IMM - Milit\u00e4rwettkampf","og_description":"Der neu aufgestellte Wettkampfkader Berlin-Brandenburg konnte am 30. September seinen ersten Fu\u00dfabdruck beim Internationalen Milit\u00e4rwettkampf M\u00f6nchengladbach (IMM) hinterlassen. Mit einem zweiten Platz in der Kategorie Reserve und einem beachtlichen f\u00fcnften [&hellip;]","og_url":"https:\/\/www.reservisten-brandenburg.de\/blog\/2023\/10\/09\/erfolgreicher-auftakt-des-neuen-wettkampfkaders\/","og_site_name":"Milit\u00e4rwettkampf","article_publisher":"https:\/\/www.facebook.com\/reservisten.brandenburg\/","article_author":"https:\/\/www.facebook.com\/ronald.nitschke.9","article_published_time":"2023-10-09T18:47:35+00:00","article_modified_time":"2023-10-09T19:18:55+00:00","og_image":[{"width":1600,"height":900,"url":"http:\/\/www.reservisten-brandenburg.de\/wettkampf\/wp-content\/uploads\/sites\/13\/2023\/10\/300923_IMM.jpg","type":"image\/jpeg"}],"author":"Ronald Nitschke","twitter_card":"summary_large_image","twitter_creator":"@ResPotsdam","twitter_site":"@ResBrandenburg","twitter_misc":{"Verfasst von":"Ronald Nitschke","Gesch\u00e4tzte Lesezeit":"3\u00a0Minuten"},"schema":{"@context":"https:\/\/schema.org","@graph":[{"@type":"Article","@id":"https:\/\/www.reservisten-brandenburg.de\/blog\/2023\/10\/09\/erfolgreicher-auftakt-des-neuen-wettkampfkaders\/#article","isPartOf":{"@id":"https:\/\/www.reservisten-brandenburg.de\/wettkampf\/2023\/10\/09\/erfolgreicher-auftakt-des-neuen-wettkampfkaders-beim-imm\/"},"author":{"name":"Ronald Nitschke","@id":"https:\/\/www.reservisten-brandenburg.de\/wettkampf\/#\/schema\/person\/b99e21e3d546b3c5d8000a8c6369e917"},"headline":"Erfolgreicher Auftakt des neuen Wettkampfkaders beim IMM","datePublished":"2023-10-09T18:47:35+00:00","dateModified":"2023-10-09T19:18:55+00:00","mainEntityOfPage":{"@id":"https:\/\/www.reservisten-brandenburg.de\/wettkampf\/2023\/10\/09\/erfolgreicher-auftakt-des-neuen-wettkampfkaders-beim-imm\/"},"wordCount":447,"commentCount":0,"publisher":{"@id":"https:\/\/www.reservisten-brandenburg.de\/wettkampf\/#organization"},"image":{"@id":"https:\/\/www.reservisten-brandenburg.de\/blog\/2023\/10\/09\/erfolgreicher-auftakt-des-neuen-wettkampfkaders\/#primaryimage"},"thumbnailUrl":"https:\/\/www.reservisten-brandenburg.de\/wettkampf\/wp-content\/uploads\/sites\/13\/2023\/10\/300923_IMM.jpg","articleSection":["Milit\u00e4rischer Vielseitigkeitswettkampf","Wettkampf"],"inLanguage":"de","potentialAction":[{"@type":"CommentAction","name":"Comment","target":["https:\/\/www.reservisten-brandenburg.de\/blog\/2023\/10\/09\/erfolgreicher-auftakt-des-neuen-wettkampfkaders\/#respond"]}]},{"@type":"WebPage","@id":"https:\/\/www.reservisten-brandenburg.de\/wettkampf\/2023\/10\/09\/erfolgreicher-auftakt-des-neuen-wettkampfkaders-beim-imm\/","url":"https:\/\/www.reservisten-brandenburg.de\/blog\/2023\/10\/09\/erfolgreicher-auftakt-des-neuen-wettkampfkaders\/","name":"Erfolgreicher Auftakt des neuen Wettkampfkaders beim IMM - Milit\u00e4rwettkampf","isPartOf":{"@id":"https:\/\/www.reservisten-brandenburg.de\/wettkampf\/#website"},"primaryImageOfPage":{"@id":"https:\/\/www.reservisten-brandenburg.de\/blog\/2023\/10\/09\/erfolgreicher-auftakt-des-neuen-wettkampfkaders\/#primaryimage"},"image":{"@id":"https:\/\/www.reservisten-brandenburg.de\/blog\/2023\/10\/09\/erfolgreicher-auftakt-des-neuen-wettkampfkaders\/#primaryimage"},"thumbnailUrl":"https:\/\/www.reservisten-brandenburg.de\/wettkampf\/wp-content\/uploads\/sites\/13\/2023\/10\/300923_IMM.jpg","datePublished":"2023-10-09T18:47:35+00:00","dateModified":"2023-10-09T19:18:55+00:00","breadcrumb":{"@id":"https:\/\/www.reservisten-brandenburg.de\/blog\/2023\/10\/09\/erfolgreicher-auftakt-des-neuen-wettkampfkaders\/#breadcrumb"},"inLanguage":"de","potentialAction":[{"@type":"ReadAction","target":["https:\/\/www.reservisten-brandenburg.de\/blog\/2023\/10\/09\/erfolgreicher-auftakt-des-neuen-wettkampfkaders\/"]}]},{"@type":"ImageObject","inLanguage":"de","@id":"https:\/\/www.reservisten-brandenburg.de\/blog\/2023\/10\/09\/erfolgreicher-auftakt-des-neuen-wettkampfkaders\/#primaryimage","url":"https:\/\/www.reservisten-brandenburg.de\/wettkampf\/wp-content\/uploads\/sites\/13\/2023\/10\/300923_IMM.jpg","contentUrl":"https:\/\/www.reservisten-brandenburg.de\/wettkampf\/wp-content\/uploads\/sites\/13\/2023\/10\/300923_IMM.jpg","width":1600,"height":900,"caption":"Der erfolgreiche Wettkampfkader Brandenburg-Berlin beim IMM 2023"},{"@type":"BreadcrumbList","@id":"https:\/\/www.reservisten-brandenburg.de\/blog\/2023\/10\/09\/erfolgreicher-auftakt-des-neuen-wettkampfkaders\/#breadcrumb","itemListElement":[{"@type":"ListItem","position":1,"name":"Startseite","item":"https:\/\/www.reservisten-brandenburg.de\/wettkampf\/"},{"@type":"ListItem","position":2,"name":"Erfolgreicher Auftakt des neuen Wettkampfkaders beim IMM"}]},{"@type":"WebSite","@id":"https:\/\/www.reservisten-brandenburg.de\/wettkampf\/#website","url":"https:\/\/www.reservisten-brandenburg.de\/wettkampf\/","name":"Milit\u00e4rwettkampf","description":"Milit\u00e4rwettkampfe f\u00fcr Brandenburger Reservisten","publisher":{"@id":"https:\/\/www.reservisten-brandenburg.de\/wettkampf\/#organization"},"potentialAction":[{"@type":"SearchAction","target":{"@type":"EntryPoint","urlTemplate":"https:\/\/www.reservisten-brandenburg.de\/wettkampf\/?s={search_term_string}"},"query-input":{"@type":"PropertyValueSpecification","valueRequired":true,"valueName":"search_term_string"}}],"inLanguage":"de"},{"@type":"Organization","@id":"https:\/\/www.reservisten-brandenburg.de\/wettkampf\/#organization","name":"Reservistenverband Brandenburg","url":"https:\/\/www.reservisten-brandenburg.de\/wettkampf\/","logo":{"@type":"ImageObject","inLanguage":"de","@id":"https:\/\/www.reservisten-brandenburg.de\/wettkampf\/#\/schema\/logo\/image\/","url":"","contentUrl":"","caption":"Reservistenverband Brandenburg"},"image":{"@id":"https:\/\/www.reservisten-brandenburg.de\/wettkampf\/#\/schema\/logo\/image\/"},"sameAs":["https:\/\/www.facebook.com\/reservisten.brandenburg\/","https:\/\/x.com\/ResBrandenburg","https:\/\/www.youtube.com\/channel\/UC30IySNYu79rnI6_89Sdf_A","https:\/\/de.wikipedia.org\/wiki\/Verband_der_Reservisten_der_Deutschen_Bundeswehr"]},{"@type":"Person","@id":"https:\/\/www.reservisten-brandenburg.de\/wettkampf\/#\/schema\/person\/b99e21e3d546b3c5d8000a8c6369e917","name":"Ronald Nitschke","image":{"@type":"ImageObject","inLanguage":"de","@id":"https:\/\/secure.gravatar.com\/avatar\/4b4e956e7f12ebfeb975388715d2dca23111bc7627ddfce235ff01ea60cae6c6?s=96&d=mm&r=g","url":"https:\/\/secure.gravatar.com\/avatar\/4b4e956e7f12ebfeb975388715d2dca23111bc7627ddfce235ff01ea60cae6c6?s=96&d=mm&r=g","contentUrl":"https:\/\/secure.gravatar.com\/avatar\/4b4e956e7f12ebfeb975388715d2dca23111bc7627ddfce235ff01ea60cae6c6?s=96&d=mm&r=g","caption":"Ronald Nitschke"},"description":"Vorsitzender der Reservistenkameradschaft Potsdam und stellvertretender Landesvorsitzender mit Aufgabenschwerpunkt Presse und Kommunikation sowie IT und Digitalisierung.","sameAs":["https:\/\/www.ronaldnitschke.de","https:\/\/www.facebook.com\/ronald.nitschke.9","https:\/\/www.linkedin.com\/in\/ronaldnitschke\/","https:\/\/x.com\/ResPotsdam"],"url":"https:\/\/www.reservisten-brandenburg.de\/wettkampf\/author\/ronald\/"}]}},"_links":{"self":[{"href":"https:\/\/www.reservisten-brandenburg.de\/wettkampf\/wp-json\/wp\/v2\/posts\/83","targetHints":{"allow":["GET"]}}],"collection":[{"href":"https:\/\/www.reservisten-brandenburg.de\/wettkampf\/wp-json\/wp\/v2\/posts"}],"about":[{"href":"https:\/\/www.reservisten-brandenburg.de\/wettkampf\/wp-json\/wp\/v2\/types\/post"}],"author":[{"embeddable":true,"href":"https:\/\/www.reservisten-brandenburg.de\/wettkampf\/wp-json\/wp\/v2\/users\/12"}],"replies":[{"embeddable":true,"href":"https:\/\/www.reservisten-brandenburg.de\/wettkampf\/wp-json\/wp\/v2\/comments?post=83"}],"version-history":[{"count":0,"href":"https:\/\/www.reservisten-brandenburg.de\/wettkampf\/wp-json\/wp\/v2\/posts\/83\/revisions"}],"wp:featuredmedia":[{"embeddable":true,"href":"https:\/\/www.reservisten-brandenburg.de\/wettkampf\/wp-json\/wp\/v2\/media\/84"}],"wp:attachment":[{"href":"https:\/\/www.reservisten-brandenburg.de\/wettkampf\/wp-json\/wp\/v2\/media?parent=83"}],"wp:term":[{"taxonomy":"category","embeddable":true,"href":"https:\/\/www.reservisten-brandenburg.de\/wettkampf\/wp-json\/wp\/v2\/categories?post=83"},{"taxonomy":"post_tag","embeddable":true,"href":"https:\/\/www.reservisten-brandenburg.de\/wettkampf\/wp-json\/wp\/v2\/tags?post=83"}],"curies":[{"name":"wp","href":"https:\/\/api.w.org\/{rel}","templated":true}]}}