{"id":7649,"date":"2020-04-20T13:54:04","date_gmt":"2020-04-20T11:54:04","guid":{"rendered":"https:\/\/www.reservisten-brandenburg.de\/sicherungszug\/?p=7649"},"modified":"2020-04-20T13:54:57","modified_gmt":"2020-04-20T11:54:57","slug":"ausbildungen-auf-landesebene-erst-wieder-ab-september","status":"publish","type":"post","link":"https:\/\/www.reservisten-brandenburg.de\/sicherungszug\/2020\/04\/20\/ausbildungen-auf-landesebene-erst-wieder-ab-september\/","title":{"rendered":"Ausbildungen auf Landesebene erst wieder ab September"},"content":{"rendered":"\n<p>Die Corona-Krise wirkt sich auch massiv auf die Ausbildungen der Landesgruppe Brandenburg aus. Insbesondere die Unabw\u00e4gbarkeiten machen eine Anpassung der Planung schwierig. Der <a href=\"https:\/\/www.reservisten-brandenburg.de\/die-landesgruppe\/landesvorstand\/\">Landesvorstand<\/a> hat sich dennoch bei seiner letzten Videokonferenz insbesondere damit befasst. Die aktuelle Planung der Ausbildungen auf Landesebene sind weitestgehend hinf\u00e4llig, da die anspruchsvolleren Veranstaltungen im zweiten Halbjahr auf die vorhergehenden Ausbildungen aufsetzen sollten. <\/p>\n\n\n\n<!--more-->\n\n\n\n<p>Daher hat der Landesvorstand Brandenburg beschlossen, alle Ausbildungen, Veranstaltungen und Weiterbildungen bis einschlie\u00dflich August 2020 ersatzlos zu streichen. Im September wird dann mit einem neuen, der entsprechenden Situation angepassten, Veranstaltungskonzept weitergemacht.<\/p>\n\n\n\n<p>Aus Sicht des Landesvorstands ist der Neustart einer Ausbildung in der freiwilligen Reservistenarbeit vor dem Beginn und in den Sommerferien in Brandenburg 2020 nicht sinnvoll. Niemand kann prognostizieren wie die Situation im zweiten Halbjahr 2020 sein wird. Daher wurde entschlossen, die in der Jahresplanung 2020 vorgesehen Ausbildungsvorhaben, nicht in der angedachten Art und Form durchzuf\u00fchren.<\/p>\n\n\n\n<p>\u00dcber die konkrete Planung wird hier und auf weiteren <a href=\"https:\/\/www.reservisten-brandenburg.de\/presse\/online\/\" target=\"_blank\" rel=\"noreferrer noopener\">Kan\u00e4len der Landesgruppe<\/a> zeitnah informiert, sobald das Konzept fertiggestellt und mit dem <a href=\"https:\/\/www.reservisten-brandenburg.de\/die-landesgruppe\/partner\/landeskommando-brandenburg\/\">Landeskommando<\/a> abgestimmt ist.<\/p>\n\n\n\n<p>Absicht ist es, dass die Anzahl der Termine reduziert werden wird und im zweiten Halbjahr noch 3 bis 4 Termine mit Schie\u00dfvorhaben an Samstagen&nbsp;durchf\u00fchren wollen. Die in 2019 geplanten Veranstaltungen k\u00f6nnen in der vorgesehen Form nicht durchf\u00fchrt werden, da davon auszugehen ist, dass unsere Mitglieder in anderen Bereichen einer hohen Belastung ausgesetzt sein werden.<\/p>\n\n\n\n<p>Die Ausbildungen der <a rel=\"noreferrer noopener\" href=\"http:\/\/www.reservistenkameradschaften.de\/\" target=\"_blank\">Reservistenkameradschaften<\/a> (im Wesentlichen die <a rel=\"noreferrer noopener\" href=\"https:\/\/www.reservisten-brandenburg.de\/events\/kategorie\/militaerische-ausbildung\/schiessausbildung\/agshp\/\" target=\"_blank\">AGSHP-Termine<\/a>) sind von dieser Entscheidung nicht betroffen. Die Entscheidung dar\u00fcber obliegt den RKen. G\u00fcltig bleiben aber auch hier die <a href=\"https:\/\/www.reservisten-brandenburg.de\/blog\/2020\/04\/08\/corona-dvag-bis-1-juni-abgesagt\/\">Absagen des Landeskommandos bis zum 1. Juni<\/a>. <\/p>\n\n\n\n<p>Erg\u00e4nzend kann w\u00e4hrend der Kontaktsperre durch die Nutzung von Onlinemedien Verbindung gehalten werden und begrenzte Ausbildungen in Form von Unterrichten durchgef\u00fchrt werden. Das setzt aber Bedarf und Interesse der Mitglieder voraus. Meldet Euch beim Landesvorstand, in den verschiedenen Gruppen oder unter diesem Artikel, um Euer Interesse zu signalisieren und dies zu diskutierten.<\/p>\n","protected":false},"excerpt":{"rendered":"<p>Die Corona-Krise wirkt sich auch massiv auf die Ausbildungen der Landesgruppe Brandenburg aus. Insbesondere die Unabw\u00e4gbarkeiten machen eine Anpassung der Planung schwierig. Der Landesvorstand hat sich dennoch bei seiner letzten [&hellip;]<\/p>\n","protected":false},"author":12,"featured_media":7624,"comment_status":"open","ping_status":"open","sticky":false,"template":"","format":"standard","meta":{"footnotes":""},"categories":[72,14,61,29],"tags":[69],"class_list":["post-7649","post","type-post","status-publish","format-standard","has-post-thumbnail","hentry","category-landesvorstand","category-militaerische-ausbildung","category-veranstaltung","category-verbandsarbeit","tag-corona"],"yoast_head":"<!-- This site is optimized with the Yoast SEO plugin v27.5 - https:\/\/yoast.com\/product\/yoast-seo-wordpress\/ -->\n<title>Ausbildungen auf Landesebene erst wieder ab September - Sicherungszug Brandenburg<\/title>\n<meta name=\"robots\" content=\"index, follow, max-snippet:-1, max-image-preview:large, max-video-preview:-1\" \/>\n<link rel=\"canonical\" href=\"https:\/\/www.reservisten-brandenburg.de\/blog\/2020\/04\/20\/dvags-auf-landesebene-erst-wieder-ab-september\/\" \/>\n<meta property=\"og:locale\" content=\"de_DE\" \/>\n<meta property=\"og:type\" content=\"article\" \/>\n<meta property=\"og:title\" content=\"Ausbildungen auf Landesebene erst wieder ab September - Sicherungszug Brandenburg\" \/>\n<meta property=\"og:description\" content=\"Die Corona-Krise wirkt sich auch massiv auf die Ausbildungen der Landesgruppe Brandenburg aus. Insbesondere die Unabw\u00e4gbarkeiten machen eine Anpassung der Planung schwierig. Der Landesvorstand hat sich dennoch bei seiner letzten [&hellip;]\" \/>\n<meta property=\"og:url\" content=\"https:\/\/www.reservisten-brandenburg.de\/blog\/2020\/04\/20\/dvags-auf-landesebene-erst-wieder-ab-september\/\" \/>\n<meta property=\"og:site_name\" content=\"Sicherungszug Brandenburg\" \/>\n<meta property=\"article:publisher\" content=\"https:\/\/www.facebook.com\/reservisten.brandenburg\/\" \/>\n<meta property=\"article:author\" content=\"https:\/\/www.facebook.com\/ronald.nitschke.9\" \/>\n<meta property=\"article:published_time\" content=\"2020-04-20T11:54:04+00:00\" \/>\n<meta property=\"article:modified_time\" content=\"2020-04-20T11:54:57+00:00\" \/>\n<meta property=\"og:image\" content=\"https:\/\/www.reservisten-brandenburg.de\/sicherungszug\/wp-content\/uploads\/sites\/5\/2020\/03\/corona_milita\u0308rische_Ausbildung.jpg\" \/>\n\t<meta property=\"og:image:width\" content=\"1600\" \/>\n\t<meta property=\"og:image:height\" content=\"900\" \/>\n\t<meta property=\"og:image:type\" content=\"image\/jpeg\" \/>\n<meta name=\"author\" content=\"Ronald Nitschke\" \/>\n<meta name=\"twitter:card\" content=\"summary_large_image\" \/>\n<meta name=\"twitter:creator\" content=\"@ResPotsdam\" \/>\n<meta name=\"twitter:site\" content=\"@ResBrandenburg\" \/>\n<meta name=\"twitter:label1\" content=\"Verfasst von\" \/>\n\t<meta name=\"twitter:data1\" content=\"Ronald Nitschke\" \/>\n\t<meta name=\"twitter:label2\" content=\"Gesch\u00e4tzte Lesezeit\" \/>\n\t<meta name=\"twitter:data2\" content=\"2\u00a0Minuten\" \/>\n<script type=\"application\/ld+json\" class=\"yoast-schema-graph\">{\"@context\":\"https:\\\/\\\/schema.org\",\"@graph\":[{\"@type\":\"Article\",\"@id\":\"https:\\\/\\\/www.reservisten-brandenburg.de\\\/blog\\\/2020\\\/04\\\/20\\\/dvags-auf-landesebene-erst-wieder-ab-september\\\/#article\",\"isPartOf\":{\"@id\":\"https:\\\/\\\/www.reservisten-brandenburg.de\\\/sicherungszug\\\/2020\\\/04\\\/20\\\/ausbildungen-auf-landesebene-erst-wieder-ab-september\\\/\"},\"author\":{\"name\":\"Ronald Nitschke\",\"@id\":\"https:\\\/\\\/www.reservisten-brandenburg.de\\\/sicherungszug\\\/#\\\/schema\\\/person\\\/b99e21e3d546b3c5d8000a8c6369e917\"},\"headline\":\"Ausbildungen auf Landesebene erst wieder ab September\",\"datePublished\":\"2020-04-20T11:54:04+00:00\",\"dateModified\":\"2020-04-20T11:54:57+00:00\",\"mainEntityOfPage\":{\"@id\":\"https:\\\/\\\/www.reservisten-brandenburg.de\\\/sicherungszug\\\/2020\\\/04\\\/20\\\/ausbildungen-auf-landesebene-erst-wieder-ab-september\\\/\"},\"wordCount\":321,\"commentCount\":0,\"publisher\":{\"@id\":\"https:\\\/\\\/www.reservisten-brandenburg.de\\\/sicherungszug\\\/#organization\"},\"image\":{\"@id\":\"https:\\\/\\\/www.reservisten-brandenburg.de\\\/blog\\\/2020\\\/04\\\/20\\\/dvags-auf-landesebene-erst-wieder-ab-september\\\/#primaryimage\"},\"thumbnailUrl\":\"https:\\\/\\\/www.reservisten-brandenburg.de\\\/sicherungszug\\\/wp-content\\\/uploads\\\/sites\\\/5\\\/2020\\\/03\\\/corona_milita\u0308rische_Ausbildung.jpg\",\"keywords\":[\"Corona\"],\"articleSection\":[\"Landesvorstand\",\"Milit\u00e4rische Ausbildung\",\"Veranstaltung\",\"Verbandsarbeit\"],\"inLanguage\":\"de\",\"potentialAction\":[{\"@type\":\"CommentAction\",\"name\":\"Comment\",\"target\":[\"https:\\\/\\\/www.reservisten-brandenburg.de\\\/blog\\\/2020\\\/04\\\/20\\\/dvags-auf-landesebene-erst-wieder-ab-september\\\/#respond\"]}]},{\"@type\":\"WebPage\",\"@id\":\"https:\\\/\\\/www.reservisten-brandenburg.de\\\/sicherungszug\\\/2020\\\/04\\\/20\\\/ausbildungen-auf-landesebene-erst-wieder-ab-september\\\/\",\"url\":\"https:\\\/\\\/www.reservisten-brandenburg.de\\\/blog\\\/2020\\\/04\\\/20\\\/dvags-auf-landesebene-erst-wieder-ab-september\\\/\",\"name\":\"Ausbildungen auf Landesebene erst wieder ab September - Sicherungszug Brandenburg\",\"isPartOf\":{\"@id\":\"https:\\\/\\\/www.reservisten-brandenburg.de\\\/sicherungszug\\\/#website\"},\"primaryImageOfPage\":{\"@id\":\"https:\\\/\\\/www.reservisten-brandenburg.de\\\/blog\\\/2020\\\/04\\\/20\\\/dvags-auf-landesebene-erst-wieder-ab-september\\\/#primaryimage\"},\"image\":{\"@id\":\"https:\\\/\\\/www.reservisten-brandenburg.de\\\/blog\\\/2020\\\/04\\\/20\\\/dvags-auf-landesebene-erst-wieder-ab-september\\\/#primaryimage\"},\"thumbnailUrl\":\"https:\\\/\\\/www.reservisten-brandenburg.de\\\/sicherungszug\\\/wp-content\\\/uploads\\\/sites\\\/5\\\/2020\\\/03\\\/corona_milita\u0308rische_Ausbildung.jpg\",\"datePublished\":\"2020-04-20T11:54:04+00:00\",\"dateModified\":\"2020-04-20T11:54:57+00:00\",\"breadcrumb\":{\"@id\":\"https:\\\/\\\/www.reservisten-brandenburg.de\\\/blog\\\/2020\\\/04\\\/20\\\/dvags-auf-landesebene-erst-wieder-ab-september\\\/#breadcrumb\"},\"inLanguage\":\"de\",\"potentialAction\":[{\"@type\":\"ReadAction\",\"target\":[\"https:\\\/\\\/www.reservisten-brandenburg.de\\\/blog\\\/2020\\\/04\\\/20\\\/dvags-auf-landesebene-erst-wieder-ab-september\\\/\"]}]},{\"@type\":\"ImageObject\",\"inLanguage\":\"de\",\"@id\":\"https:\\\/\\\/www.reservisten-brandenburg.de\\\/blog\\\/2020\\\/04\\\/20\\\/dvags-auf-landesebene-erst-wieder-ab-september\\\/#primaryimage\",\"url\":\"https:\\\/\\\/www.reservisten-brandenburg.de\\\/sicherungszug\\\/wp-content\\\/uploads\\\/sites\\\/5\\\/2020\\\/03\\\/corona_milita\u0308rische_Ausbildung.jpg\",\"contentUrl\":\"https:\\\/\\\/www.reservisten-brandenburg.de\\\/sicherungszug\\\/wp-content\\\/uploads\\\/sites\\\/5\\\/2020\\\/03\\\/corona_milita\u0308rische_Ausbildung.jpg\",\"width\":1600,\"height\":900},{\"@type\":\"BreadcrumbList\",\"@id\":\"https:\\\/\\\/www.reservisten-brandenburg.de\\\/blog\\\/2020\\\/04\\\/20\\\/dvags-auf-landesebene-erst-wieder-ab-september\\\/#breadcrumb\",\"itemListElement\":[{\"@type\":\"ListItem\",\"position\":1,\"name\":\"Startseite\",\"item\":\"https:\\\/\\\/www.reservisten-brandenburg.de\\\/sicherungszug\\\/\"},{\"@type\":\"ListItem\",\"position\":2,\"name\":\"Ausbildungen auf Landesebene erst wieder ab September\"}]},{\"@type\":\"WebSite\",\"@id\":\"https:\\\/\\\/www.reservisten-brandenburg.de\\\/sicherungszug\\\/#website\",\"url\":\"https:\\\/\\\/www.reservisten-brandenburg.de\\\/sicherungszug\\\/\",\"name\":\"Sicherungszug Brandenburg\",\"description\":\"Eine weitere Reservistenverband Brandenburg - Websites Website\",\"publisher\":{\"@id\":\"https:\\\/\\\/www.reservisten-brandenburg.de\\\/sicherungszug\\\/#organization\"},\"potentialAction\":[{\"@type\":\"SearchAction\",\"target\":{\"@type\":\"EntryPoint\",\"urlTemplate\":\"https:\\\/\\\/www.reservisten-brandenburg.de\\\/sicherungszug\\\/?s={search_term_string}\"},\"query-input\":{\"@type\":\"PropertyValueSpecification\",\"valueRequired\":true,\"valueName\":\"search_term_string\"}}],\"inLanguage\":\"de\"},{\"@type\":\"Organization\",\"@id\":\"https:\\\/\\\/www.reservisten-brandenburg.de\\\/sicherungszug\\\/#organization\",\"name\":\"Reservistenverband Brandenburg\",\"url\":\"https:\\\/\\\/www.reservisten-brandenburg.de\\\/sicherungszug\\\/\",\"logo\":{\"@type\":\"ImageObject\",\"inLanguage\":\"de\",\"@id\":\"https:\\\/\\\/www.reservisten-brandenburg.de\\\/sicherungszug\\\/#\\\/schema\\\/logo\\\/image\\\/\",\"url\":\"\",\"contentUrl\":\"\",\"caption\":\"Reservistenverband Brandenburg\"},\"image\":{\"@id\":\"https:\\\/\\\/www.reservisten-brandenburg.de\\\/sicherungszug\\\/#\\\/schema\\\/logo\\\/image\\\/\"},\"sameAs\":[\"https:\\\/\\\/www.facebook.com\\\/reservisten.brandenburg\\\/\",\"https:\\\/\\\/x.com\\\/ResBrandenburg\",\"https:\\\/\\\/www.youtube.com\\\/channel\\\/UC30IySNYu79rnI6_89Sdf_A\",\"https:\\\/\\\/de.wikipedia.org\\\/wiki\\\/Verband_der_Reservisten_der_Deutschen_Bundeswehr\"]},{\"@type\":\"Person\",\"@id\":\"https:\\\/\\\/www.reservisten-brandenburg.de\\\/sicherungszug\\\/#\\\/schema\\\/person\\\/b99e21e3d546b3c5d8000a8c6369e917\",\"name\":\"Ronald Nitschke\",\"image\":{\"@type\":\"ImageObject\",\"inLanguage\":\"de\",\"@id\":\"https:\\\/\\\/secure.gravatar.com\\\/avatar\\\/4b4e956e7f12ebfeb975388715d2dca23111bc7627ddfce235ff01ea60cae6c6?s=96&d=mm&r=g\",\"url\":\"https:\\\/\\\/secure.gravatar.com\\\/avatar\\\/4b4e956e7f12ebfeb975388715d2dca23111bc7627ddfce235ff01ea60cae6c6?s=96&d=mm&r=g\",\"contentUrl\":\"https:\\\/\\\/secure.gravatar.com\\\/avatar\\\/4b4e956e7f12ebfeb975388715d2dca23111bc7627ddfce235ff01ea60cae6c6?s=96&d=mm&r=g\",\"caption\":\"Ronald Nitschke\"},\"description\":\"Vorsitzender der Reservistenkameradschaft Potsdam und stellvertretender Landesvorsitzender mit Aufgabenschwerpunkt Presse und Kommunikation sowie IT und Digitalisierung.\",\"sameAs\":[\"https:\\\/\\\/www.ronaldnitschke.de\",\"https:\\\/\\\/www.facebook.com\\\/ronald.nitschke.9\",\"https:\\\/\\\/www.linkedin.com\\\/in\\\/ronaldnitschke\\\/\",\"https:\\\/\\\/x.com\\\/ResPotsdam\"],\"url\":\"https:\\\/\\\/www.reservisten-brandenburg.de\\\/sicherungszug\\\/author\\\/ronald\\\/\"}]}<\/script>\n<!-- \/ Yoast SEO plugin. -->","yoast_head_json":{"title":"Ausbildungen auf Landesebene erst wieder ab September - Sicherungszug Brandenburg","robots":{"index":"index","follow":"follow","max-snippet":"max-snippet:-1","max-image-preview":"max-image-preview:large","max-video-preview":"max-video-preview:-1"},"canonical":"https:\/\/www.reservisten-brandenburg.de\/blog\/2020\/04\/20\/dvags-auf-landesebene-erst-wieder-ab-september\/","og_locale":"de_DE","og_type":"article","og_title":"Ausbildungen auf Landesebene erst wieder ab September - Sicherungszug Brandenburg","og_description":"Die Corona-Krise wirkt sich auch massiv auf die Ausbildungen der Landesgruppe Brandenburg aus. Insbesondere die Unabw\u00e4gbarkeiten machen eine Anpassung der Planung schwierig. Der Landesvorstand hat sich dennoch bei seiner letzten [&hellip;]","og_url":"https:\/\/www.reservisten-brandenburg.de\/blog\/2020\/04\/20\/dvags-auf-landesebene-erst-wieder-ab-september\/","og_site_name":"Sicherungszug Brandenburg","article_publisher":"https:\/\/www.facebook.com\/reservisten.brandenburg\/","article_author":"https:\/\/www.facebook.com\/ronald.nitschke.9","article_published_time":"2020-04-20T11:54:04+00:00","article_modified_time":"2020-04-20T11:54:57+00:00","og_image":[{"width":1600,"height":900,"url":"https:\/\/www.reservisten-brandenburg.de\/sicherungszug\/wp-content\/uploads\/sites\/5\/2020\/03\/corona_milita\u0308rische_Ausbildung.jpg","type":"image\/jpeg"}],"author":"Ronald Nitschke","twitter_card":"summary_large_image","twitter_creator":"@ResPotsdam","twitter_site":"@ResBrandenburg","twitter_misc":{"Verfasst von":"Ronald Nitschke","Gesch\u00e4tzte Lesezeit":"2\u00a0Minuten"},"schema":{"@context":"https:\/\/schema.org","@graph":[{"@type":"Article","@id":"https:\/\/www.reservisten-brandenburg.de\/blog\/2020\/04\/20\/dvags-auf-landesebene-erst-wieder-ab-september\/#article","isPartOf":{"@id":"https:\/\/www.reservisten-brandenburg.de\/sicherungszug\/2020\/04\/20\/ausbildungen-auf-landesebene-erst-wieder-ab-september\/"},"author":{"name":"Ronald Nitschke","@id":"https:\/\/www.reservisten-brandenburg.de\/sicherungszug\/#\/schema\/person\/b99e21e3d546b3c5d8000a8c6369e917"},"headline":"Ausbildungen auf Landesebene erst wieder ab September","datePublished":"2020-04-20T11:54:04+00:00","dateModified":"2020-04-20T11:54:57+00:00","mainEntityOfPage":{"@id":"https:\/\/www.reservisten-brandenburg.de\/sicherungszug\/2020\/04\/20\/ausbildungen-auf-landesebene-erst-wieder-ab-september\/"},"wordCount":321,"commentCount":0,"publisher":{"@id":"https:\/\/www.reservisten-brandenburg.de\/sicherungszug\/#organization"},"image":{"@id":"https:\/\/www.reservisten-brandenburg.de\/blog\/2020\/04\/20\/dvags-auf-landesebene-erst-wieder-ab-september\/#primaryimage"},"thumbnailUrl":"https:\/\/www.reservisten-brandenburg.de\/sicherungszug\/wp-content\/uploads\/sites\/5\/2020\/03\/corona_milita\u0308rische_Ausbildung.jpg","keywords":["Corona"],"articleSection":["Landesvorstand","Milit\u00e4rische Ausbildung","Veranstaltung","Verbandsarbeit"],"inLanguage":"de","potentialAction":[{"@type":"CommentAction","name":"Comment","target":["https:\/\/www.reservisten-brandenburg.de\/blog\/2020\/04\/20\/dvags-auf-landesebene-erst-wieder-ab-september\/#respond"]}]},{"@type":"WebPage","@id":"https:\/\/www.reservisten-brandenburg.de\/sicherungszug\/2020\/04\/20\/ausbildungen-auf-landesebene-erst-wieder-ab-september\/","url":"https:\/\/www.reservisten-brandenburg.de\/blog\/2020\/04\/20\/dvags-auf-landesebene-erst-wieder-ab-september\/","name":"Ausbildungen auf Landesebene erst wieder ab September - Sicherungszug Brandenburg","isPartOf":{"@id":"https:\/\/www.reservisten-brandenburg.de\/sicherungszug\/#website"},"primaryImageOfPage":{"@id":"https:\/\/www.reservisten-brandenburg.de\/blog\/2020\/04\/20\/dvags-auf-landesebene-erst-wieder-ab-september\/#primaryimage"},"image":{"@id":"https:\/\/www.reservisten-brandenburg.de\/blog\/2020\/04\/20\/dvags-auf-landesebene-erst-wieder-ab-september\/#primaryimage"},"thumbnailUrl":"https:\/\/www.reservisten-brandenburg.de\/sicherungszug\/wp-content\/uploads\/sites\/5\/2020\/03\/corona_milita\u0308rische_Ausbildung.jpg","datePublished":"2020-04-20T11:54:04+00:00","dateModified":"2020-04-20T11:54:57+00:00","breadcrumb":{"@id":"https:\/\/www.reservisten-brandenburg.de\/blog\/2020\/04\/20\/dvags-auf-landesebene-erst-wieder-ab-september\/#breadcrumb"},"inLanguage":"de","potentialAction":[{"@type":"ReadAction","target":["https:\/\/www.reservisten-brandenburg.de\/blog\/2020\/04\/20\/dvags-auf-landesebene-erst-wieder-ab-september\/"]}]},{"@type":"ImageObject","inLanguage":"de","@id":"https:\/\/www.reservisten-brandenburg.de\/blog\/2020\/04\/20\/dvags-auf-landesebene-erst-wieder-ab-september\/#primaryimage","url":"https:\/\/www.reservisten-brandenburg.de\/sicherungszug\/wp-content\/uploads\/sites\/5\/2020\/03\/corona_milita\u0308rische_Ausbildung.jpg","contentUrl":"https:\/\/www.reservisten-brandenburg.de\/sicherungszug\/wp-content\/uploads\/sites\/5\/2020\/03\/corona_milita\u0308rische_Ausbildung.jpg","width":1600,"height":900},{"@type":"BreadcrumbList","@id":"https:\/\/www.reservisten-brandenburg.de\/blog\/2020\/04\/20\/dvags-auf-landesebene-erst-wieder-ab-september\/#breadcrumb","itemListElement":[{"@type":"ListItem","position":1,"name":"Startseite","item":"https:\/\/www.reservisten-brandenburg.de\/sicherungszug\/"},{"@type":"ListItem","position":2,"name":"Ausbildungen auf Landesebene erst wieder ab September"}]},{"@type":"WebSite","@id":"https:\/\/www.reservisten-brandenburg.de\/sicherungszug\/#website","url":"https:\/\/www.reservisten-brandenburg.de\/sicherungszug\/","name":"Sicherungszug Brandenburg","description":"Eine weitere Reservistenverband Brandenburg - Websites Website","publisher":{"@id":"https:\/\/www.reservisten-brandenburg.de\/sicherungszug\/#organization"},"potentialAction":[{"@type":"SearchAction","target":{"@type":"EntryPoint","urlTemplate":"https:\/\/www.reservisten-brandenburg.de\/sicherungszug\/?s={search_term_string}"},"query-input":{"@type":"PropertyValueSpecification","valueRequired":true,"valueName":"search_term_string"}}],"inLanguage":"de"},{"@type":"Organization","@id":"https:\/\/www.reservisten-brandenburg.de\/sicherungszug\/#organization","name":"Reservistenverband Brandenburg","url":"https:\/\/www.reservisten-brandenburg.de\/sicherungszug\/","logo":{"@type":"ImageObject","inLanguage":"de","@id":"https:\/\/www.reservisten-brandenburg.de\/sicherungszug\/#\/schema\/logo\/image\/","url":"","contentUrl":"","caption":"Reservistenverband Brandenburg"},"image":{"@id":"https:\/\/www.reservisten-brandenburg.de\/sicherungszug\/#\/schema\/logo\/image\/"},"sameAs":["https:\/\/www.facebook.com\/reservisten.brandenburg\/","https:\/\/x.com\/ResBrandenburg","https:\/\/www.youtube.com\/channel\/UC30IySNYu79rnI6_89Sdf_A","https:\/\/de.wikipedia.org\/wiki\/Verband_der_Reservisten_der_Deutschen_Bundeswehr"]},{"@type":"Person","@id":"https:\/\/www.reservisten-brandenburg.de\/sicherungszug\/#\/schema\/person\/b99e21e3d546b3c5d8000a8c6369e917","name":"Ronald Nitschke","image":{"@type":"ImageObject","inLanguage":"de","@id":"https:\/\/secure.gravatar.com\/avatar\/4b4e956e7f12ebfeb975388715d2dca23111bc7627ddfce235ff01ea60cae6c6?s=96&d=mm&r=g","url":"https:\/\/secure.gravatar.com\/avatar\/4b4e956e7f12ebfeb975388715d2dca23111bc7627ddfce235ff01ea60cae6c6?s=96&d=mm&r=g","contentUrl":"https:\/\/secure.gravatar.com\/avatar\/4b4e956e7f12ebfeb975388715d2dca23111bc7627ddfce235ff01ea60cae6c6?s=96&d=mm&r=g","caption":"Ronald Nitschke"},"description":"Vorsitzender der Reservistenkameradschaft Potsdam und stellvertretender Landesvorsitzender mit Aufgabenschwerpunkt Presse und Kommunikation sowie IT und Digitalisierung.","sameAs":["https:\/\/www.ronaldnitschke.de","https:\/\/www.facebook.com\/ronald.nitschke.9","https:\/\/www.linkedin.com\/in\/ronaldnitschke\/","https:\/\/x.com\/ResPotsdam"],"url":"https:\/\/www.reservisten-brandenburg.de\/sicherungszug\/author\/ronald\/"}]}},"_links":{"self":[{"href":"https:\/\/www.reservisten-brandenburg.de\/sicherungszug\/wp-json\/wp\/v2\/posts\/7649","targetHints":{"allow":["GET"]}}],"collection":[{"href":"https:\/\/www.reservisten-brandenburg.de\/sicherungszug\/wp-json\/wp\/v2\/posts"}],"about":[{"href":"https:\/\/www.reservisten-brandenburg.de\/sicherungszug\/wp-json\/wp\/v2\/types\/post"}],"author":[{"embeddable":true,"href":"https:\/\/www.reservisten-brandenburg.de\/sicherungszug\/wp-json\/wp\/v2\/users\/12"}],"replies":[{"embeddable":true,"href":"https:\/\/www.reservisten-brandenburg.de\/sicherungszug\/wp-json\/wp\/v2\/comments?post=7649"}],"version-history":[{"count":0,"href":"https:\/\/www.reservisten-brandenburg.de\/sicherungszug\/wp-json\/wp\/v2\/posts\/7649\/revisions"}],"wp:featuredmedia":[{"embeddable":true,"href":"https:\/\/www.reservisten-brandenburg.de\/sicherungszug\/wp-json\/wp\/v2\/media\/7624"}],"wp:attachment":[{"href":"https:\/\/www.reservisten-brandenburg.de\/sicherungszug\/wp-json\/wp\/v2\/media?parent=7649"}],"wp:term":[{"taxonomy":"category","embeddable":true,"href":"https:\/\/www.reservisten-brandenburg.de\/sicherungszug\/wp-json\/wp\/v2\/categories?post=7649"},{"taxonomy":"post_tag","embeddable":true,"href":"https:\/\/www.reservisten-brandenburg.de\/sicherungszug\/wp-json\/wp\/v2\/tags?post=7649"}],"curies":[{"name":"wp","href":"https:\/\/api.w.org\/{rel}","templated":true}]}}