{"id":2030,"date":"2019-01-12T11:16:09","date_gmt":"2019-01-12T10:16:09","guid":{"rendered":"https:\/\/www.reservisten-brandenburg.de\/?p=2030"},"modified":"2024-10-06T20:45:49","modified_gmt":"2024-10-06T18:45:49","slug":"sicherungszug-brandenburg-nimmt-form-an","status":"publish","type":"post","link":"https:\/\/www.reservisten-brandenburg.de\/sicherungszug\/2019\/01\/12\/sicherungszug-brandenburg-nimmt-form-an\/","title":{"rendered":"Sicherungszug Brandenburg nimmt Form an"},"content":{"rendered":"\n<p>Anfang des Jahres berichtet auch die Bundeswehr <a rel=\"noreferrer noopener\" aria-label=\"auf Ihrer Webseite (\u00f6ffnet in neuem Tab)\" href=\"http:\/\/www.reservisten.bundeswehr.de\/portal\/a\/resarb\/start\/service\/nachr\/!ut\/p\/z1\/hY9BD4IwDIX_Ed0ABY7gghAJGlGUXcwCC2JwI8skHvzxjmi8EXt4Sd9rv6ZA4QxUsLFrme6kYL3pK7q8RH52yOzAtkkZOihNtpt1vPJthDGUcPo3Qk2MZipEUDQcKsPwZhmJCwVQoA23aim4nlRzoTujrWJaKmuQSvdT8lDKJFbXQIUwiZCLne8p_Io8Ehyp43kkjfYT8MZG9vztsnp6GqorE03Pd7IOP8Zwj_08X7RvuQZYuQ!!\/dz\/d5\/L2dBISEvZ0FBIS9nQSEh\/#Z7_B8LTL2922DVA30IHOKGFC820H4\" target=\"_blank\">auf Ihrer Webseite<\/a> prominent \u00fcber das <a href=\"https:\/\/www.reservisten-brandenburg.de\/sicherungszug\/\">Projekt &#8216;Sicherungszug&#8217;<\/a> der Brandenburger Reservisten. Der Autor besuchte die Ausbildung Ungedienter, einem Berlin-Brandenburger Pilotprojekt. In diesem erhalten Zivilisten an Wochenenden Ihre milit\u00e4rische Grundausbildung. Diese Ausbildung haben im November auch Reservisten des Sicherungszug Brandenburg unterst\u00fctzt.<\/p>\n\n\n\n<!--more-->\n\n\n\n<p>Die Brandenburger Reservisten wollten Ihren regelm\u00e4\u00dfigen Ausbildungen ein Ziel geben. So entwicklete <a href=\"https:\/\/www.reservisten-brandenburg.de\/start\/landesvorstand\/\">Stabsfeldwebel Marcel Glauer<\/a> &#8220;die Idee, einen Sicherungszug aufzubauen&#8221;. Es wurde ein Dreijahres-Programm entwickelt, mit dem das gemeinsame Ziel bis 2020 erreicht werden soll. Den Beginn machte die indivuduellen Ausbildung im Jahr 2018, \u00fcber die Gruppen- und Truppausbildung, bis hin zur Ausbildung im Zugrahmen im dritten Jahr.<\/p>\n\n\n\n<p>Stabsfeldwebel Glauer Zukunft hat auch die Zukunft der Angeh\u00f6rigen des k\u00fcnftigen Sicherungszug Brandenburg im Blick. Nach dem Erreichen eines gemeinsamen Ausbildungsniveaus werden Einzelgespr\u00e4che gef\u00fchrt. \u201eWir wollen mit jedem der Teilnehmer reden, wie er sich selbst einsch\u00e4tzt und wo er sich k\u00fcnftig sieht\u201c, beschreibt der Stabsfeldwebel die Herangehensweise. So wird gemeinsam die Struktur des k\u00fcnftigen Sicherungszuges geformt werden. Dazu k\u00f6nnen die Reservisten Ihre Eindr\u00fccke und W\u00fcnsche hier auch schon online hinterlassen: Umfrage zum &#8216;SichZg&#8217; der LG Brandenburg<\/p>\n\n\n\n<p>Der Sicherungszug der Reservisten soll \u00fcber 40 Brandenburger Reservisten eine milit\u00e4rische Heimat bieten. Zus\u00e4tzlich k\u00f6nnen bei Interesse Funktionen mehrfach besetzt werden. Damit soll der Umstand ber\u00fccksichtigt werden, dass Reservisten nicht immer zur Verf\u00fcgung stehen k\u00f6nnen. Dies ist insbesondere bei Leitungs- und Schl\u00fcsselpersonal von Bedeutung. Der Sicherungszug wird sich aus drei Sicherungsgruppen und einem Unterst\u00fctzungselement zusammensetzen. Mehr Infos findet Ihr bei der <a href=\"https:\/\/www.reservisten-brandenburg.de\/sicherungszug\/gliederung-des-sicherungszuges\/\">Gliederung des Sicherungszuges<\/a>.<\/p>\n\n\n\n<p>Zum Bericht der Bundeswehr: <a rel=\"noreferrer noopener\" href=\"http:\/\/www.reservisten.bundeswehr.de\/portal\/a\/resarb\/start\/service\/nachr\/!ut\/p\/z1\/hY9BD4IwDIX_Ed0ABY7gghAJGlGUXcwCC2JwI8skHvzxjmi8EXt4Sd9rv6ZA4QxUsLFrme6kYL3pK7q8RH52yOzAtkkZOihNtpt1vPJthDGUcPo3Qk2MZipEUDQcKsPwZhmJCwVQoA23aim4nlRzoTujrWJaKmuQSvdT8lDKJFbXQIUwiZCLne8p_Io8Ehyp43kkjfYT8MZG9vztsnp6GqorE03Pd7IOP8Zwj_08X7RvuQZYuQ!!\/dz\/d5\/L2dBISEvZ0FBIS9nQSEh\/#Z7_B8LTL2922DVA30IHOKGFC820H4\" target=\"_blank\">Ein Ziel vor Augen &#8211; Brandenburger Reservisten und Aktive bauen einen Sicherungszug auf<\/a>.<\/p>\n","protected":false},"excerpt":{"rendered":"<p>Anfang des Jahres berichtet auch die Bundeswehr auf Ihrer Webseite prominent \u00fcber das Projekt &#8216;Sicherungszug&#8217; der Brandenburger Reservisten. Der Autor besuchte die Ausbildung Ungedienter, einem Berlin-Brandenburger Pilotprojekt. In diesem erhalten [&hellip;]<\/p>\n","protected":false},"author":12,"featured_media":50,"comment_status":"open","ping_status":"open","sticky":false,"template":"","format":"standard","meta":{"footnotes":""},"categories":[37,13,14,39,7,29],"tags":[8,10,12,38,15,40,16,17,19],"class_list":["post-2030","post","type-post","status-publish","format-standard","has-post-thumbnail","hentry","category-bundeswehr","category-gefechtsdienst","category-militaerische-ausbildung","category-oeffentlichkeitsarbeit","category-sicherungszug","category-verbandsarbeit","tag-ausbildung","tag-brandenburg","tag-dienstliche-veranstaltung","tag-internet","tag-militaerische-ausbildung","tag-oeffentlichkeitsarbeit","tag-reservisten","tag-reservistenverband","tag-sicherungszug"],"yoast_head":"<!-- This site is optimized with the Yoast SEO plugin v27.4 - https:\/\/yoast.com\/product\/yoast-seo-wordpress\/ -->\n<title>Sicherungszug Brandenburg nimmt Form an - Sicherungszug Brandenburg<\/title>\n<meta name=\"description\" content=\"Anfang des Jahres berichtet auch die Bundeswehr prominent \u00fcber das Projekt &#039;Sicherungszug Brandenburg&#039; des Reservistenverbandes Brandenburg.\" \/>\n<meta name=\"robots\" content=\"index, follow, max-snippet:-1, max-image-preview:large, max-video-preview:-1\" \/>\n<link rel=\"canonical\" href=\"https:\/\/www.reservisten-brandenburg.de\/blog\/2019\/01\/12\/sicherungszug-brandenburg-nimmt-form-an\/\" \/>\n<meta property=\"og:locale\" content=\"de_DE\" \/>\n<meta property=\"og:type\" content=\"article\" \/>\n<meta property=\"og:title\" content=\"Sicherungszug Brandenburg nimmt Form an - Sicherungszug Brandenburg\" \/>\n<meta property=\"og:description\" content=\"Anfang des Jahres berichtet auch die Bundeswehr prominent \u00fcber das Projekt &#039;Sicherungszug Brandenburg&#039; des Reservistenverbandes Brandenburg.\" \/>\n<meta property=\"og:url\" content=\"https:\/\/www.reservisten-brandenburg.de\/blog\/2019\/01\/12\/sicherungszug-brandenburg-nimmt-form-an\/\" \/>\n<meta property=\"og:site_name\" content=\"Sicherungszug Brandenburg\" \/>\n<meta property=\"article:publisher\" content=\"https:\/\/www.facebook.com\/reservisten.brandenburg\/\" \/>\n<meta property=\"article:author\" content=\"https:\/\/www.facebook.com\/ronald.nitschke.9\" \/>\n<meta property=\"article:published_time\" content=\"2019-01-12T10:16:09+00:00\" \/>\n<meta property=\"article:modified_time\" content=\"2024-10-06T18:45:49+00:00\" \/>\n<meta property=\"og:image\" content=\"http:\/\/www.reservisten-brandenburg.de\/sicherungszug\/wp-content\/uploads\/sites\/5\/2020\/03\/Sicherungszug_angetreten.jpg\" \/>\n\t<meta property=\"og:image:width\" content=\"1600\" \/>\n\t<meta property=\"og:image:height\" content=\"900\" \/>\n\t<meta property=\"og:image:type\" content=\"image\/jpeg\" \/>\n<meta name=\"author\" content=\"Ronald Nitschke\" \/>\n<meta name=\"twitter:card\" content=\"summary_large_image\" \/>\n<meta name=\"twitter:creator\" content=\"@ResPotsdam\" \/>\n<meta name=\"twitter:site\" content=\"@ResBrandenburg\" \/>\n<meta name=\"twitter:label1\" content=\"Verfasst von\" \/>\n\t<meta name=\"twitter:data1\" content=\"Ronald Nitschke\" \/>\n\t<meta name=\"twitter:label2\" content=\"Gesch\u00e4tzte Lesezeit\" \/>\n\t<meta name=\"twitter:data2\" content=\"1\u00a0Minute\" \/>\n<script type=\"application\/ld+json\" class=\"yoast-schema-graph\">{\"@context\":\"https:\\\/\\\/schema.org\",\"@graph\":[{\"@type\":\"Article\",\"@id\":\"https:\\\/\\\/www.reservisten-brandenburg.de\\\/blog\\\/2019\\\/01\\\/12\\\/sicherungszug-brandenburg-nimmt-form-an\\\/#article\",\"isPartOf\":{\"@id\":\"https:\\\/\\\/www.reservisten-brandenburg.de\\\/sicherungszug\\\/2019\\\/01\\\/12\\\/sicherungszug-brandenburg-nimmt-form-an\\\/\"},\"author\":{\"name\":\"Ronald Nitschke\",\"@id\":\"https:\\\/\\\/www.reservisten-brandenburg.de\\\/sicherungszug\\\/#\\\/schema\\\/person\\\/b99e21e3d546b3c5d8000a8c6369e917\"},\"headline\":\"Sicherungszug Brandenburg nimmt Form an\",\"datePublished\":\"2019-01-12T10:16:09+00:00\",\"dateModified\":\"2024-10-06T18:45:49+00:00\",\"mainEntityOfPage\":{\"@id\":\"https:\\\/\\\/www.reservisten-brandenburg.de\\\/sicherungszug\\\/2019\\\/01\\\/12\\\/sicherungszug-brandenburg-nimmt-form-an\\\/\"},\"wordCount\":285,\"commentCount\":0,\"publisher\":{\"@id\":\"https:\\\/\\\/www.reservisten-brandenburg.de\\\/sicherungszug\\\/#organization\"},\"image\":{\"@id\":\"https:\\\/\\\/www.reservisten-brandenburg.de\\\/blog\\\/2019\\\/01\\\/12\\\/sicherungszug-brandenburg-nimmt-form-an\\\/#primaryimage\"},\"thumbnailUrl\":\"https:\\\/\\\/www.reservisten-brandenburg.de\\\/sicherungszug\\\/wp-content\\\/uploads\\\/sites\\\/5\\\/2020\\\/03\\\/Sicherungszug_angetreten.jpg\",\"keywords\":[\"Ausbildung\",\"Brandenburg\",\"dienstliche Veranstaltung\",\"Internet\",\"Milit\u00e4rische Ausbildung\",\"\u00d6ffentlichkeitsarbeit\",\"Reservisten\",\"Reservistenverband\",\"Sicherungszug\"],\"articleSection\":[\"Bundeswehr\",\"Gefechtsdienst\",\"Milit\u00e4rische Ausbildung\",\"\u00d6ffentlichkeitsarbeit\",\"Sicherungszug\",\"Verbandsarbeit\"],\"inLanguage\":\"de\",\"potentialAction\":[{\"@type\":\"CommentAction\",\"name\":\"Comment\",\"target\":[\"https:\\\/\\\/www.reservisten-brandenburg.de\\\/blog\\\/2019\\\/01\\\/12\\\/sicherungszug-brandenburg-nimmt-form-an\\\/#respond\"]}]},{\"@type\":\"WebPage\",\"@id\":\"https:\\\/\\\/www.reservisten-brandenburg.de\\\/sicherungszug\\\/2019\\\/01\\\/12\\\/sicherungszug-brandenburg-nimmt-form-an\\\/\",\"url\":\"https:\\\/\\\/www.reservisten-brandenburg.de\\\/blog\\\/2019\\\/01\\\/12\\\/sicherungszug-brandenburg-nimmt-form-an\\\/\",\"name\":\"Sicherungszug Brandenburg nimmt Form an - Sicherungszug Brandenburg\",\"isPartOf\":{\"@id\":\"https:\\\/\\\/www.reservisten-brandenburg.de\\\/sicherungszug\\\/#website\"},\"primaryImageOfPage\":{\"@id\":\"https:\\\/\\\/www.reservisten-brandenburg.de\\\/blog\\\/2019\\\/01\\\/12\\\/sicherungszug-brandenburg-nimmt-form-an\\\/#primaryimage\"},\"image\":{\"@id\":\"https:\\\/\\\/www.reservisten-brandenburg.de\\\/blog\\\/2019\\\/01\\\/12\\\/sicherungszug-brandenburg-nimmt-form-an\\\/#primaryimage\"},\"thumbnailUrl\":\"https:\\\/\\\/www.reservisten-brandenburg.de\\\/sicherungszug\\\/wp-content\\\/uploads\\\/sites\\\/5\\\/2020\\\/03\\\/Sicherungszug_angetreten.jpg\",\"datePublished\":\"2019-01-12T10:16:09+00:00\",\"dateModified\":\"2024-10-06T18:45:49+00:00\",\"description\":\"Anfang des Jahres berichtet auch die Bundeswehr prominent \u00fcber das Projekt 'Sicherungszug Brandenburg' des Reservistenverbandes Brandenburg.\",\"breadcrumb\":{\"@id\":\"https:\\\/\\\/www.reservisten-brandenburg.de\\\/blog\\\/2019\\\/01\\\/12\\\/sicherungszug-brandenburg-nimmt-form-an\\\/#breadcrumb\"},\"inLanguage\":\"de\",\"potentialAction\":[{\"@type\":\"ReadAction\",\"target\":[\"https:\\\/\\\/www.reservisten-brandenburg.de\\\/blog\\\/2019\\\/01\\\/12\\\/sicherungszug-brandenburg-nimmt-form-an\\\/\"]}]},{\"@type\":\"ImageObject\",\"inLanguage\":\"de\",\"@id\":\"https:\\\/\\\/www.reservisten-brandenburg.de\\\/blog\\\/2019\\\/01\\\/12\\\/sicherungszug-brandenburg-nimmt-form-an\\\/#primaryimage\",\"url\":\"https:\\\/\\\/www.reservisten-brandenburg.de\\\/sicherungszug\\\/wp-content\\\/uploads\\\/sites\\\/5\\\/2020\\\/03\\\/Sicherungszug_angetreten.jpg\",\"contentUrl\":\"https:\\\/\\\/www.reservisten-brandenburg.de\\\/sicherungszug\\\/wp-content\\\/uploads\\\/sites\\\/5\\\/2020\\\/03\\\/Sicherungszug_angetreten.jpg\",\"width\":1600,\"height\":900},{\"@type\":\"BreadcrumbList\",\"@id\":\"https:\\\/\\\/www.reservisten-brandenburg.de\\\/blog\\\/2019\\\/01\\\/12\\\/sicherungszug-brandenburg-nimmt-form-an\\\/#breadcrumb\",\"itemListElement\":[{\"@type\":\"ListItem\",\"position\":1,\"name\":\"Startseite\",\"item\":\"https:\\\/\\\/www.reservisten-brandenburg.de\\\/sicherungszug\\\/\"},{\"@type\":\"ListItem\",\"position\":2,\"name\":\"Sicherungszug Brandenburg nimmt Form an\"}]},{\"@type\":\"WebSite\",\"@id\":\"https:\\\/\\\/www.reservisten-brandenburg.de\\\/sicherungszug\\\/#website\",\"url\":\"https:\\\/\\\/www.reservisten-brandenburg.de\\\/sicherungszug\\\/\",\"name\":\"Sicherungszug Brandenburg\",\"description\":\"Eine weitere Reservistenverband Brandenburg - Websites Website\",\"publisher\":{\"@id\":\"https:\\\/\\\/www.reservisten-brandenburg.de\\\/sicherungszug\\\/#organization\"},\"potentialAction\":[{\"@type\":\"SearchAction\",\"target\":{\"@type\":\"EntryPoint\",\"urlTemplate\":\"https:\\\/\\\/www.reservisten-brandenburg.de\\\/sicherungszug\\\/?s={search_term_string}\"},\"query-input\":{\"@type\":\"PropertyValueSpecification\",\"valueRequired\":true,\"valueName\":\"search_term_string\"}}],\"inLanguage\":\"de\"},{\"@type\":\"Organization\",\"@id\":\"https:\\\/\\\/www.reservisten-brandenburg.de\\\/sicherungszug\\\/#organization\",\"name\":\"Reservistenverband Brandenburg\",\"url\":\"https:\\\/\\\/www.reservisten-brandenburg.de\\\/sicherungszug\\\/\",\"logo\":{\"@type\":\"ImageObject\",\"inLanguage\":\"de\",\"@id\":\"https:\\\/\\\/www.reservisten-brandenburg.de\\\/sicherungszug\\\/#\\\/schema\\\/logo\\\/image\\\/\",\"url\":\"\",\"contentUrl\":\"\",\"caption\":\"Reservistenverband Brandenburg\"},\"image\":{\"@id\":\"https:\\\/\\\/www.reservisten-brandenburg.de\\\/sicherungszug\\\/#\\\/schema\\\/logo\\\/image\\\/\"},\"sameAs\":[\"https:\\\/\\\/www.facebook.com\\\/reservisten.brandenburg\\\/\",\"https:\\\/\\\/x.com\\\/ResBrandenburg\",\"https:\\\/\\\/www.youtube.com\\\/channel\\\/UC30IySNYu79rnI6_89Sdf_A\",\"https:\\\/\\\/de.wikipedia.org\\\/wiki\\\/Verband_der_Reservisten_der_Deutschen_Bundeswehr\"]},{\"@type\":\"Person\",\"@id\":\"https:\\\/\\\/www.reservisten-brandenburg.de\\\/sicherungszug\\\/#\\\/schema\\\/person\\\/b99e21e3d546b3c5d8000a8c6369e917\",\"name\":\"Ronald Nitschke\",\"image\":{\"@type\":\"ImageObject\",\"inLanguage\":\"de\",\"@id\":\"https:\\\/\\\/secure.gravatar.com\\\/avatar\\\/4b4e956e7f12ebfeb975388715d2dca23111bc7627ddfce235ff01ea60cae6c6?s=96&d=mm&r=g\",\"url\":\"https:\\\/\\\/secure.gravatar.com\\\/avatar\\\/4b4e956e7f12ebfeb975388715d2dca23111bc7627ddfce235ff01ea60cae6c6?s=96&d=mm&r=g\",\"contentUrl\":\"https:\\\/\\\/secure.gravatar.com\\\/avatar\\\/4b4e956e7f12ebfeb975388715d2dca23111bc7627ddfce235ff01ea60cae6c6?s=96&d=mm&r=g\",\"caption\":\"Ronald Nitschke\"},\"description\":\"Vorsitzender der Reservistenkameradschaft Potsdam und stellvertretender Landesvorsitzender mit Aufgabenschwerpunkt Presse und Kommunikation sowie IT und Digitalisierung.\",\"sameAs\":[\"https:\\\/\\\/www.ronaldnitschke.de\",\"https:\\\/\\\/www.facebook.com\\\/ronald.nitschke.9\",\"https:\\\/\\\/www.linkedin.com\\\/in\\\/ronaldnitschke\\\/\",\"https:\\\/\\\/x.com\\\/ResPotsdam\"],\"url\":\"https:\\\/\\\/www.reservisten-brandenburg.de\\\/sicherungszug\\\/author\\\/ronald\\\/\"}]}<\/script>\n<!-- \/ Yoast SEO plugin. -->","yoast_head_json":{"title":"Sicherungszug Brandenburg nimmt Form an - Sicherungszug Brandenburg","description":"Anfang des Jahres berichtet auch die Bundeswehr prominent \u00fcber das Projekt 'Sicherungszug Brandenburg' des Reservistenverbandes Brandenburg.","robots":{"index":"index","follow":"follow","max-snippet":"max-snippet:-1","max-image-preview":"max-image-preview:large","max-video-preview":"max-video-preview:-1"},"canonical":"https:\/\/www.reservisten-brandenburg.de\/blog\/2019\/01\/12\/sicherungszug-brandenburg-nimmt-form-an\/","og_locale":"de_DE","og_type":"article","og_title":"Sicherungszug Brandenburg nimmt Form an - Sicherungszug Brandenburg","og_description":"Anfang des Jahres berichtet auch die Bundeswehr prominent \u00fcber das Projekt 'Sicherungszug Brandenburg' des Reservistenverbandes Brandenburg.","og_url":"https:\/\/www.reservisten-brandenburg.de\/blog\/2019\/01\/12\/sicherungszug-brandenburg-nimmt-form-an\/","og_site_name":"Sicherungszug Brandenburg","article_publisher":"https:\/\/www.facebook.com\/reservisten.brandenburg\/","article_author":"https:\/\/www.facebook.com\/ronald.nitschke.9","article_published_time":"2019-01-12T10:16:09+00:00","article_modified_time":"2024-10-06T18:45:49+00:00","og_image":[{"width":1600,"height":900,"url":"http:\/\/www.reservisten-brandenburg.de\/sicherungszug\/wp-content\/uploads\/sites\/5\/2020\/03\/Sicherungszug_angetreten.jpg","type":"image\/jpeg"}],"author":"Ronald Nitschke","twitter_card":"summary_large_image","twitter_creator":"@ResPotsdam","twitter_site":"@ResBrandenburg","twitter_misc":{"Verfasst von":"Ronald Nitschke","Gesch\u00e4tzte Lesezeit":"1\u00a0Minute"},"schema":{"@context":"https:\/\/schema.org","@graph":[{"@type":"Article","@id":"https:\/\/www.reservisten-brandenburg.de\/blog\/2019\/01\/12\/sicherungszug-brandenburg-nimmt-form-an\/#article","isPartOf":{"@id":"https:\/\/www.reservisten-brandenburg.de\/sicherungszug\/2019\/01\/12\/sicherungszug-brandenburg-nimmt-form-an\/"},"author":{"name":"Ronald Nitschke","@id":"https:\/\/www.reservisten-brandenburg.de\/sicherungszug\/#\/schema\/person\/b99e21e3d546b3c5d8000a8c6369e917"},"headline":"Sicherungszug Brandenburg nimmt Form an","datePublished":"2019-01-12T10:16:09+00:00","dateModified":"2024-10-06T18:45:49+00:00","mainEntityOfPage":{"@id":"https:\/\/www.reservisten-brandenburg.de\/sicherungszug\/2019\/01\/12\/sicherungszug-brandenburg-nimmt-form-an\/"},"wordCount":285,"commentCount":0,"publisher":{"@id":"https:\/\/www.reservisten-brandenburg.de\/sicherungszug\/#organization"},"image":{"@id":"https:\/\/www.reservisten-brandenburg.de\/blog\/2019\/01\/12\/sicherungszug-brandenburg-nimmt-form-an\/#primaryimage"},"thumbnailUrl":"https:\/\/www.reservisten-brandenburg.de\/sicherungszug\/wp-content\/uploads\/sites\/5\/2020\/03\/Sicherungszug_angetreten.jpg","keywords":["Ausbildung","Brandenburg","dienstliche Veranstaltung","Internet","Milit\u00e4rische Ausbildung","\u00d6ffentlichkeitsarbeit","Reservisten","Reservistenverband","Sicherungszug"],"articleSection":["Bundeswehr","Gefechtsdienst","Milit\u00e4rische Ausbildung","\u00d6ffentlichkeitsarbeit","Sicherungszug","Verbandsarbeit"],"inLanguage":"de","potentialAction":[{"@type":"CommentAction","name":"Comment","target":["https:\/\/www.reservisten-brandenburg.de\/blog\/2019\/01\/12\/sicherungszug-brandenburg-nimmt-form-an\/#respond"]}]},{"@type":"WebPage","@id":"https:\/\/www.reservisten-brandenburg.de\/sicherungszug\/2019\/01\/12\/sicherungszug-brandenburg-nimmt-form-an\/","url":"https:\/\/www.reservisten-brandenburg.de\/blog\/2019\/01\/12\/sicherungszug-brandenburg-nimmt-form-an\/","name":"Sicherungszug Brandenburg nimmt Form an - Sicherungszug Brandenburg","isPartOf":{"@id":"https:\/\/www.reservisten-brandenburg.de\/sicherungszug\/#website"},"primaryImageOfPage":{"@id":"https:\/\/www.reservisten-brandenburg.de\/blog\/2019\/01\/12\/sicherungszug-brandenburg-nimmt-form-an\/#primaryimage"},"image":{"@id":"https:\/\/www.reservisten-brandenburg.de\/blog\/2019\/01\/12\/sicherungszug-brandenburg-nimmt-form-an\/#primaryimage"},"thumbnailUrl":"https:\/\/www.reservisten-brandenburg.de\/sicherungszug\/wp-content\/uploads\/sites\/5\/2020\/03\/Sicherungszug_angetreten.jpg","datePublished":"2019-01-12T10:16:09+00:00","dateModified":"2024-10-06T18:45:49+00:00","description":"Anfang des Jahres berichtet auch die Bundeswehr prominent \u00fcber das Projekt 'Sicherungszug Brandenburg' des Reservistenverbandes Brandenburg.","breadcrumb":{"@id":"https:\/\/www.reservisten-brandenburg.de\/blog\/2019\/01\/12\/sicherungszug-brandenburg-nimmt-form-an\/#breadcrumb"},"inLanguage":"de","potentialAction":[{"@type":"ReadAction","target":["https:\/\/www.reservisten-brandenburg.de\/blog\/2019\/01\/12\/sicherungszug-brandenburg-nimmt-form-an\/"]}]},{"@type":"ImageObject","inLanguage":"de","@id":"https:\/\/www.reservisten-brandenburg.de\/blog\/2019\/01\/12\/sicherungszug-brandenburg-nimmt-form-an\/#primaryimage","url":"https:\/\/www.reservisten-brandenburg.de\/sicherungszug\/wp-content\/uploads\/sites\/5\/2020\/03\/Sicherungszug_angetreten.jpg","contentUrl":"https:\/\/www.reservisten-brandenburg.de\/sicherungszug\/wp-content\/uploads\/sites\/5\/2020\/03\/Sicherungszug_angetreten.jpg","width":1600,"height":900},{"@type":"BreadcrumbList","@id":"https:\/\/www.reservisten-brandenburg.de\/blog\/2019\/01\/12\/sicherungszug-brandenburg-nimmt-form-an\/#breadcrumb","itemListElement":[{"@type":"ListItem","position":1,"name":"Startseite","item":"https:\/\/www.reservisten-brandenburg.de\/sicherungszug\/"},{"@type":"ListItem","position":2,"name":"Sicherungszug Brandenburg nimmt Form an"}]},{"@type":"WebSite","@id":"https:\/\/www.reservisten-brandenburg.de\/sicherungszug\/#website","url":"https:\/\/www.reservisten-brandenburg.de\/sicherungszug\/","name":"Sicherungszug Brandenburg","description":"Eine weitere Reservistenverband Brandenburg - Websites Website","publisher":{"@id":"https:\/\/www.reservisten-brandenburg.de\/sicherungszug\/#organization"},"potentialAction":[{"@type":"SearchAction","target":{"@type":"EntryPoint","urlTemplate":"https:\/\/www.reservisten-brandenburg.de\/sicherungszug\/?s={search_term_string}"},"query-input":{"@type":"PropertyValueSpecification","valueRequired":true,"valueName":"search_term_string"}}],"inLanguage":"de"},{"@type":"Organization","@id":"https:\/\/www.reservisten-brandenburg.de\/sicherungszug\/#organization","name":"Reservistenverband Brandenburg","url":"https:\/\/www.reservisten-brandenburg.de\/sicherungszug\/","logo":{"@type":"ImageObject","inLanguage":"de","@id":"https:\/\/www.reservisten-brandenburg.de\/sicherungszug\/#\/schema\/logo\/image\/","url":"","contentUrl":"","caption":"Reservistenverband Brandenburg"},"image":{"@id":"https:\/\/www.reservisten-brandenburg.de\/sicherungszug\/#\/schema\/logo\/image\/"},"sameAs":["https:\/\/www.facebook.com\/reservisten.brandenburg\/","https:\/\/x.com\/ResBrandenburg","https:\/\/www.youtube.com\/channel\/UC30IySNYu79rnI6_89Sdf_A","https:\/\/de.wikipedia.org\/wiki\/Verband_der_Reservisten_der_Deutschen_Bundeswehr"]},{"@type":"Person","@id":"https:\/\/www.reservisten-brandenburg.de\/sicherungszug\/#\/schema\/person\/b99e21e3d546b3c5d8000a8c6369e917","name":"Ronald Nitschke","image":{"@type":"ImageObject","inLanguage":"de","@id":"https:\/\/secure.gravatar.com\/avatar\/4b4e956e7f12ebfeb975388715d2dca23111bc7627ddfce235ff01ea60cae6c6?s=96&d=mm&r=g","url":"https:\/\/secure.gravatar.com\/avatar\/4b4e956e7f12ebfeb975388715d2dca23111bc7627ddfce235ff01ea60cae6c6?s=96&d=mm&r=g","contentUrl":"https:\/\/secure.gravatar.com\/avatar\/4b4e956e7f12ebfeb975388715d2dca23111bc7627ddfce235ff01ea60cae6c6?s=96&d=mm&r=g","caption":"Ronald Nitschke"},"description":"Vorsitzender der Reservistenkameradschaft Potsdam und stellvertretender Landesvorsitzender mit Aufgabenschwerpunkt Presse und Kommunikation sowie IT und Digitalisierung.","sameAs":["https:\/\/www.ronaldnitschke.de","https:\/\/www.facebook.com\/ronald.nitschke.9","https:\/\/www.linkedin.com\/in\/ronaldnitschke\/","https:\/\/x.com\/ResPotsdam"],"url":"https:\/\/www.reservisten-brandenburg.de\/sicherungszug\/author\/ronald\/"}]}},"_links":{"self":[{"href":"https:\/\/www.reservisten-brandenburg.de\/sicherungszug\/wp-json\/wp\/v2\/posts\/2030","targetHints":{"allow":["GET"]}}],"collection":[{"href":"https:\/\/www.reservisten-brandenburg.de\/sicherungszug\/wp-json\/wp\/v2\/posts"}],"about":[{"href":"https:\/\/www.reservisten-brandenburg.de\/sicherungszug\/wp-json\/wp\/v2\/types\/post"}],"author":[{"embeddable":true,"href":"https:\/\/www.reservisten-brandenburg.de\/sicherungszug\/wp-json\/wp\/v2\/users\/12"}],"replies":[{"embeddable":true,"href":"https:\/\/www.reservisten-brandenburg.de\/sicherungszug\/wp-json\/wp\/v2\/comments?post=2030"}],"version-history":[{"count":0,"href":"https:\/\/www.reservisten-brandenburg.de\/sicherungszug\/wp-json\/wp\/v2\/posts\/2030\/revisions"}],"wp:featuredmedia":[{"embeddable":true,"href":"https:\/\/www.reservisten-brandenburg.de\/sicherungszug\/wp-json\/wp\/v2\/media\/50"}],"wp:attachment":[{"href":"https:\/\/www.reservisten-brandenburg.de\/sicherungszug\/wp-json\/wp\/v2\/media?parent=2030"}],"wp:term":[{"taxonomy":"category","embeddable":true,"href":"https:\/\/www.reservisten-brandenburg.de\/sicherungszug\/wp-json\/wp\/v2\/categories?post=2030"},{"taxonomy":"post_tag","embeddable":true,"href":"https:\/\/www.reservisten-brandenburg.de\/sicherungszug\/wp-json\/wp\/v2\/tags?post=2030"}],"curies":[{"name":"wp","href":"https:\/\/api.w.org\/{rel}","templated":true}]}}