{"id":121,"date":"2026-02-21T11:50:13","date_gmt":"2026-02-21T10:50:13","guid":{"rendered":"https:\/\/www.reservisten-brandenburg.de\/sicherheitspolitik\/2026\/02\/21\/brandenburg-als-strategische-drehscheibe-der-operationsplan-deutschland-im-fokus\/"},"modified":"2026-03-06T11:57:46","modified_gmt":"2026-03-06T10:57:46","slug":"brandenburg-als-strategische-drehscheibe-der-operationsplan-deutschland-im-fokus","status":"publish","type":"post","link":"https:\/\/www.reservisten-brandenburg.de\/sicherheitspolitik\/2026\/02\/21\/brandenburg-als-strategische-drehscheibe-der-operationsplan-deutschland-im-fokus\/","title":{"rendered":"Brandenburg als strategische Drehscheibe: Der Operationsplan Deutschland im Fokus"},"content":{"rendered":"\n<p><strong>Potsdam \u2013 Die sicherheitspolitische Zeitenwende ist in der Mitte der Gesellschaft und in der Planung der Streitkr\u00e4fte angekommen. Unter dem Titel \u201eOperationsplan Deutschland \u2013 Welche Rolle spielt Brandenburg?\u201c luden die Landesgruppe Brandenburg im Reservistenverband zusammen mit den Kooperationspartnern aus der Reihe \u201cPolitik und Sicherheit\u201d zu einer wegweisenden Informations- und Diskussionsveranstaltung in die Garnisonkirche Potsdam ein.<\/strong><\/p>\n\n\n\n<p>In Zusammenarbeit mit dem Politischen Bildungsforum Brandenburg der Konrad-Adenauer-Stiftung, der Gesellschaft f\u00fcr Sicherheitspolitik (GSP) und der Deutschen Atlantischen Gesellschaft stand ein Thema im Zentrum, das f\u00fcr die Reserve des Landes von existenzieller Bedeutung ist: Die R\u00fcckbesinnung auf die Landes- und B\u00fcndnisverteidigung (LV\/BV) und die daraus resultierenden Anforderungen an das Land Brandenburg.<\/p>\n\n\n\n<h3 class=\"wp-block-heading\">Brandenburg im Zentrum der Logistik<\/h3>\n\n\n\n<p>Als Referent skizzierte der Kommandeur des Landeskommandos Brandenburg, Oberst Nikolas Scholtka, die Eckpunkte des \u201eOperationsplans Deutschland\u201c (OPLAN DEU) als milit\u00e4rischen Anteil an der Gesamtverteidigung. Er machte deutlich, dass Brandenburg aufgrund seiner geografischen Lage eine Schl\u00fcsselrolle einnimmt. Im Falle einer Eskalation an der NATO-Ostflanke wandelt sich das Bundesland zur zentralen logistischen Drehscheibe. Hunderttausende Soldaten und zehntausende Fahrzeuge m\u00fcssten durch Brandenburg in Richtung Osten verlegt, versorgt und unterst\u00fctzt werden. Dies erfordere eine enge Verzahnung zwischen milit\u00e4rischen Anforderungen und ziviler Infrastruktur. Der Schutz von Marschwegen, Br\u00fccken und Depots r\u00fcckt damit unmittelbar in den Fokus der regionalen Sicherheitsarchitektur.<\/p>\n\n\n\n<h3 class=\"wp-block-heading\">Die Reserve als unverzichtbare St\u00fctze<\/h3>\n\n\n\n<p>F\u00fcr die zahlreich anwesenden Reservistinnen und Reservisten der Landesgruppe wurde w\u00e4hrend der Vortr\u00e4ge schnell klar: Ohne die Reserve ist der OPLAN nicht umsetzbar. Ob beim Schutz verteidigungswichtiger Einrichtungen, die nicht immer mit der kritischen Infrastruktur gleichzusetzen ist, der Unterst\u00fctzung von Truppenbewegungen (Host Nation Support) oder der Aufrechterhaltung der Verbindung zu zivilen Beh\u00f6rden \u2013 die Expertise und Einsatzbereitschaft der beorderten und unbeorderten Reservisten ist das R\u00fcckgrat der territorialen Verteidigung. Eine zentrale Rolle spielen dabei die Kreisverbindungskommandos, bei denen einige noch nach engagierten Reservistinnen und Reservisten suchen.<\/p>\n\n\n\n<p>Im Anschluss diskutierten die etwa 90 Anwesenden \u00fcber \u201eKriegst\u00fcchtigkeit\u201c und das erforderliche Umdenken in der Gesellschaft. Einig waren sich Experte und Publikum: Verteidigung ist eine gesamtgesellschaftliche Aufgabe.<\/p>\n","protected":false},"excerpt":{"rendered":"<p>Potsdam \u2013 Die sicherheitspolitische Zeitenwende ist in der Mitte der Gesellschaft und in der Planung der Streitkr\u00e4fte angekommen. Unter dem Titel \u201eOperationsplan Deutschland \u2013 Welche Rolle spielt Brandenburg?\u201c luden die [&hellip;]<\/p>\n","protected":false},"author":12,"featured_media":123,"comment_status":"open","ping_status":"open","sticky":false,"template":"","format":"standard","meta":{"footnotes":""},"categories":[1],"tags":[],"class_list":["post-121","post","type-post","status-publish","format-standard","has-post-thumbnail","hentry","category-allgemein"],"yoast_head":"<!-- This site is optimized with the Yoast SEO plugin v27.4 - https:\/\/yoast.com\/product\/yoast-seo-wordpress\/ -->\n<title>Brandenburg als strategische Drehscheibe: Der Operationsplan Deutschland im Fokus - Sicherheitspolitik in Brandenburg<\/title>\n<meta name=\"robots\" content=\"index, follow, max-snippet:-1, max-image-preview:large, max-video-preview:-1\" \/>\n<link rel=\"canonical\" href=\"https:\/\/www.reservisten-brandenburg.de\/blog\/2026\/02\/21\/operationsplan-deutschland\/\" \/>\n<meta property=\"og:locale\" content=\"de_DE\" \/>\n<meta property=\"og:type\" content=\"article\" \/>\n<meta property=\"og:title\" content=\"Brandenburg als strategische Drehscheibe: Der Operationsplan Deutschland im Fokus - Sicherheitspolitik in Brandenburg\" \/>\n<meta property=\"og:description\" content=\"Potsdam \u2013 Die sicherheitspolitische Zeitenwende ist in der Mitte der Gesellschaft und in der Planung der Streitkr\u00e4fte angekommen. Unter dem Titel \u201eOperationsplan Deutschland \u2013 Welche Rolle spielt Brandenburg?\u201c luden die [&hellip;]\" \/>\n<meta property=\"og:url\" content=\"https:\/\/www.reservisten-brandenburg.de\/blog\/2026\/02\/21\/operationsplan-deutschland\/\" \/>\n<meta property=\"og:site_name\" content=\"Sicherheitspolitik in Brandenburg\" \/>\n<meta property=\"article:publisher\" content=\"https:\/\/www.facebook.com\/reservisten.brandenburg\/\" \/>\n<meta property=\"article:author\" content=\"https:\/\/www.facebook.com\/ronald.nitschke.9\" \/>\n<meta property=\"article:published_time\" content=\"2026-02-21T10:50:13+00:00\" \/>\n<meta property=\"article:modified_time\" content=\"2026-03-06T10:57:46+00:00\" \/>\n<meta property=\"og:image\" content=\"http:\/\/www.reservisten-brandenburg.de\/sicherheitspolitik\/wp-content\/uploads\/sites\/6\/2026\/02\/KI-OpPlan-DEU-2.jpg\" \/>\n\t<meta property=\"og:image:width\" content=\"1376\" \/>\n\t<meta property=\"og:image:height\" content=\"768\" \/>\n\t<meta property=\"og:image:type\" content=\"image\/jpeg\" \/>\n<meta name=\"author\" content=\"Ronald Nitschke\" \/>\n<meta name=\"twitter:card\" content=\"summary_large_image\" \/>\n<meta name=\"twitter:creator\" content=\"@ResPotsdam\" \/>\n<meta name=\"twitter:site\" content=\"@ResBrandenburg\" \/>\n<meta name=\"twitter:label1\" content=\"Verfasst von\" \/>\n\t<meta name=\"twitter:data1\" content=\"Ronald Nitschke\" \/>\n\t<meta name=\"twitter:label2\" content=\"Gesch\u00e4tzte Lesezeit\" \/>\n\t<meta name=\"twitter:data2\" content=\"2\u00a0Minuten\" \/>\n<script type=\"application\/ld+json\" class=\"yoast-schema-graph\">{\"@context\":\"https:\\\/\\\/schema.org\",\"@graph\":[{\"@type\":\"Article\",\"@id\":\"https:\\\/\\\/www.reservisten-brandenburg.de\\\/blog\\\/2026\\\/02\\\/21\\\/operationsplan-deutschland\\\/#article\",\"isPartOf\":{\"@id\":\"https:\\\/\\\/www.reservisten-brandenburg.de\\\/sicherheitspolitik\\\/2026\\\/02\\\/21\\\/brandenburg-als-strategische-drehscheibe-der-operationsplan-deutschland-im-fokus\\\/\"},\"author\":{\"name\":\"Ronald Nitschke\",\"@id\":\"https:\\\/\\\/www.reservisten-brandenburg.de\\\/sicherheitspolitik\\\/#\\\/schema\\\/person\\\/b99e21e3d546b3c5d8000a8c6369e917\"},\"headline\":\"Brandenburg als strategische Drehscheibe: Der Operationsplan Deutschland im Fokus\",\"datePublished\":\"2026-02-21T10:50:13+00:00\",\"dateModified\":\"2026-03-06T10:57:46+00:00\",\"mainEntityOfPage\":{\"@id\":\"https:\\\/\\\/www.reservisten-brandenburg.de\\\/sicherheitspolitik\\\/2026\\\/02\\\/21\\\/brandenburg-als-strategische-drehscheibe-der-operationsplan-deutschland-im-fokus\\\/\"},\"wordCount\":348,\"commentCount\":0,\"publisher\":{\"@id\":\"https:\\\/\\\/www.reservisten-brandenburg.de\\\/sicherheitspolitik\\\/#organization\"},\"image\":{\"@id\":\"https:\\\/\\\/www.reservisten-brandenburg.de\\\/blog\\\/2026\\\/02\\\/21\\\/operationsplan-deutschland\\\/#primaryimage\"},\"thumbnailUrl\":\"https:\\\/\\\/www.reservisten-brandenburg.de\\\/sicherheitspolitik\\\/wp-content\\\/uploads\\\/sites\\\/6\\\/2026\\\/02\\\/KI-OpPlan-DEU-2.jpg\",\"inLanguage\":\"de\",\"potentialAction\":[{\"@type\":\"CommentAction\",\"name\":\"Comment\",\"target\":[\"https:\\\/\\\/www.reservisten-brandenburg.de\\\/blog\\\/2026\\\/02\\\/21\\\/operationsplan-deutschland\\\/#respond\"]}]},{\"@type\":\"WebPage\",\"@id\":\"https:\\\/\\\/www.reservisten-brandenburg.de\\\/sicherheitspolitik\\\/2026\\\/02\\\/21\\\/brandenburg-als-strategische-drehscheibe-der-operationsplan-deutschland-im-fokus\\\/\",\"url\":\"https:\\\/\\\/www.reservisten-brandenburg.de\\\/blog\\\/2026\\\/02\\\/21\\\/operationsplan-deutschland\\\/\",\"name\":\"Brandenburg als strategische Drehscheibe: Der Operationsplan Deutschland im Fokus - Sicherheitspolitik in Brandenburg\",\"isPartOf\":{\"@id\":\"https:\\\/\\\/www.reservisten-brandenburg.de\\\/sicherheitspolitik\\\/#website\"},\"primaryImageOfPage\":{\"@id\":\"https:\\\/\\\/www.reservisten-brandenburg.de\\\/blog\\\/2026\\\/02\\\/21\\\/operationsplan-deutschland\\\/#primaryimage\"},\"image\":{\"@id\":\"https:\\\/\\\/www.reservisten-brandenburg.de\\\/blog\\\/2026\\\/02\\\/21\\\/operationsplan-deutschland\\\/#primaryimage\"},\"thumbnailUrl\":\"https:\\\/\\\/www.reservisten-brandenburg.de\\\/sicherheitspolitik\\\/wp-content\\\/uploads\\\/sites\\\/6\\\/2026\\\/02\\\/KI-OpPlan-DEU-2.jpg\",\"datePublished\":\"2026-02-21T10:50:13+00:00\",\"dateModified\":\"2026-03-06T10:57:46+00:00\",\"breadcrumb\":{\"@id\":\"https:\\\/\\\/www.reservisten-brandenburg.de\\\/blog\\\/2026\\\/02\\\/21\\\/operationsplan-deutschland\\\/#breadcrumb\"},\"inLanguage\":\"de\",\"potentialAction\":[{\"@type\":\"ReadAction\",\"target\":[\"https:\\\/\\\/www.reservisten-brandenburg.de\\\/blog\\\/2026\\\/02\\\/21\\\/operationsplan-deutschland\\\/\"]}]},{\"@type\":\"ImageObject\",\"inLanguage\":\"de\",\"@id\":\"https:\\\/\\\/www.reservisten-brandenburg.de\\\/blog\\\/2026\\\/02\\\/21\\\/operationsplan-deutschland\\\/#primaryimage\",\"url\":\"https:\\\/\\\/www.reservisten-brandenburg.de\\\/sicherheitspolitik\\\/wp-content\\\/uploads\\\/sites\\\/6\\\/2026\\\/02\\\/KI-OpPlan-DEU-2.jpg\",\"contentUrl\":\"https:\\\/\\\/www.reservisten-brandenburg.de\\\/sicherheitspolitik\\\/wp-content\\\/uploads\\\/sites\\\/6\\\/2026\\\/02\\\/KI-OpPlan-DEU-2.jpg\",\"width\":1376,\"height\":768},{\"@type\":\"BreadcrumbList\",\"@id\":\"https:\\\/\\\/www.reservisten-brandenburg.de\\\/blog\\\/2026\\\/02\\\/21\\\/operationsplan-deutschland\\\/#breadcrumb\",\"itemListElement\":[{\"@type\":\"ListItem\",\"position\":1,\"name\":\"Startseite\",\"item\":\"https:\\\/\\\/www.reservisten-brandenburg.de\\\/sicherheitspolitik\\\/\"},{\"@type\":\"ListItem\",\"position\":2,\"name\":\"Brandenburg als strategische Drehscheibe: Der Operationsplan Deutschland im Fokus\"}]},{\"@type\":\"WebSite\",\"@id\":\"https:\\\/\\\/www.reservisten-brandenburg.de\\\/sicherheitspolitik\\\/#website\",\"url\":\"https:\\\/\\\/www.reservisten-brandenburg.de\\\/sicherheitspolitik\\\/\",\"name\":\"Sicherheitspolitik in Brandenburg\",\"description\":\"Eine weitere Reservistenverband Brandenburg - Websites Website\",\"publisher\":{\"@id\":\"https:\\\/\\\/www.reservisten-brandenburg.de\\\/sicherheitspolitik\\\/#organization\"},\"potentialAction\":[{\"@type\":\"SearchAction\",\"target\":{\"@type\":\"EntryPoint\",\"urlTemplate\":\"https:\\\/\\\/www.reservisten-brandenburg.de\\\/sicherheitspolitik\\\/?s={search_term_string}\"},\"query-input\":{\"@type\":\"PropertyValueSpecification\",\"valueRequired\":true,\"valueName\":\"search_term_string\"}}],\"inLanguage\":\"de\"},{\"@type\":\"Organization\",\"@id\":\"https:\\\/\\\/www.reservisten-brandenburg.de\\\/sicherheitspolitik\\\/#organization\",\"name\":\"Reservistenverband Brandenburg\",\"url\":\"https:\\\/\\\/www.reservisten-brandenburg.de\\\/sicherheitspolitik\\\/\",\"logo\":{\"@type\":\"ImageObject\",\"inLanguage\":\"de\",\"@id\":\"https:\\\/\\\/www.reservisten-brandenburg.de\\\/sicherheitspolitik\\\/#\\\/schema\\\/logo\\\/image\\\/\",\"url\":\"\",\"contentUrl\":\"\",\"caption\":\"Reservistenverband Brandenburg\"},\"image\":{\"@id\":\"https:\\\/\\\/www.reservisten-brandenburg.de\\\/sicherheitspolitik\\\/#\\\/schema\\\/logo\\\/image\\\/\"},\"sameAs\":[\"https:\\\/\\\/www.facebook.com\\\/reservisten.brandenburg\\\/\",\"https:\\\/\\\/x.com\\\/ResBrandenburg\",\"https:\\\/\\\/www.youtube.com\\\/channel\\\/UC30IySNYu79rnI6_89Sdf_A\",\"https:\\\/\\\/de.wikipedia.org\\\/wiki\\\/Verband_der_Reservisten_der_Deutschen_Bundeswehr\"]},{\"@type\":\"Person\",\"@id\":\"https:\\\/\\\/www.reservisten-brandenburg.de\\\/sicherheitspolitik\\\/#\\\/schema\\\/person\\\/b99e21e3d546b3c5d8000a8c6369e917\",\"name\":\"Ronald Nitschke\",\"image\":{\"@type\":\"ImageObject\",\"inLanguage\":\"de\",\"@id\":\"https:\\\/\\\/secure.gravatar.com\\\/avatar\\\/4b4e956e7f12ebfeb975388715d2dca23111bc7627ddfce235ff01ea60cae6c6?s=96&d=mm&r=g\",\"url\":\"https:\\\/\\\/secure.gravatar.com\\\/avatar\\\/4b4e956e7f12ebfeb975388715d2dca23111bc7627ddfce235ff01ea60cae6c6?s=96&d=mm&r=g\",\"contentUrl\":\"https:\\\/\\\/secure.gravatar.com\\\/avatar\\\/4b4e956e7f12ebfeb975388715d2dca23111bc7627ddfce235ff01ea60cae6c6?s=96&d=mm&r=g\",\"caption\":\"Ronald Nitschke\"},\"description\":\"Vorsitzender der Reservistenkameradschaft Potsdam und stellvertretender Landesvorsitzender mit Aufgabenschwerpunkt Presse und Kommunikation sowie IT und Digitalisierung.\",\"sameAs\":[\"https:\\\/\\\/www.ronaldnitschke.de\",\"https:\\\/\\\/www.facebook.com\\\/ronald.nitschke.9\",\"https:\\\/\\\/www.linkedin.com\\\/in\\\/ronaldnitschke\\\/\",\"https:\\\/\\\/x.com\\\/ResPotsdam\"],\"url\":\"https:\\\/\\\/www.reservisten-brandenburg.de\\\/sicherheitspolitik\\\/author\\\/ronald\\\/\"}]}<\/script>\n<!-- \/ Yoast SEO plugin. -->","yoast_head_json":{"title":"Brandenburg als strategische Drehscheibe: Der Operationsplan Deutschland im Fokus - Sicherheitspolitik in Brandenburg","robots":{"index":"index","follow":"follow","max-snippet":"max-snippet:-1","max-image-preview":"max-image-preview:large","max-video-preview":"max-video-preview:-1"},"canonical":"https:\/\/www.reservisten-brandenburg.de\/blog\/2026\/02\/21\/operationsplan-deutschland\/","og_locale":"de_DE","og_type":"article","og_title":"Brandenburg als strategische Drehscheibe: Der Operationsplan Deutschland im Fokus - Sicherheitspolitik in Brandenburg","og_description":"Potsdam \u2013 Die sicherheitspolitische Zeitenwende ist in der Mitte der Gesellschaft und in der Planung der Streitkr\u00e4fte angekommen. Unter dem Titel \u201eOperationsplan Deutschland \u2013 Welche Rolle spielt Brandenburg?\u201c luden die [&hellip;]","og_url":"https:\/\/www.reservisten-brandenburg.de\/blog\/2026\/02\/21\/operationsplan-deutschland\/","og_site_name":"Sicherheitspolitik in Brandenburg","article_publisher":"https:\/\/www.facebook.com\/reservisten.brandenburg\/","article_author":"https:\/\/www.facebook.com\/ronald.nitschke.9","article_published_time":"2026-02-21T10:50:13+00:00","article_modified_time":"2026-03-06T10:57:46+00:00","og_image":[{"width":1376,"height":768,"url":"http:\/\/www.reservisten-brandenburg.de\/sicherheitspolitik\/wp-content\/uploads\/sites\/6\/2026\/02\/KI-OpPlan-DEU-2.jpg","type":"image\/jpeg"}],"author":"Ronald Nitschke","twitter_card":"summary_large_image","twitter_creator":"@ResPotsdam","twitter_site":"@ResBrandenburg","twitter_misc":{"Verfasst von":"Ronald Nitschke","Gesch\u00e4tzte Lesezeit":"2\u00a0Minuten"},"schema":{"@context":"https:\/\/schema.org","@graph":[{"@type":"Article","@id":"https:\/\/www.reservisten-brandenburg.de\/blog\/2026\/02\/21\/operationsplan-deutschland\/#article","isPartOf":{"@id":"https:\/\/www.reservisten-brandenburg.de\/sicherheitspolitik\/2026\/02\/21\/brandenburg-als-strategische-drehscheibe-der-operationsplan-deutschland-im-fokus\/"},"author":{"name":"Ronald Nitschke","@id":"https:\/\/www.reservisten-brandenburg.de\/sicherheitspolitik\/#\/schema\/person\/b99e21e3d546b3c5d8000a8c6369e917"},"headline":"Brandenburg als strategische Drehscheibe: Der Operationsplan Deutschland im Fokus","datePublished":"2026-02-21T10:50:13+00:00","dateModified":"2026-03-06T10:57:46+00:00","mainEntityOfPage":{"@id":"https:\/\/www.reservisten-brandenburg.de\/sicherheitspolitik\/2026\/02\/21\/brandenburg-als-strategische-drehscheibe-der-operationsplan-deutschland-im-fokus\/"},"wordCount":348,"commentCount":0,"publisher":{"@id":"https:\/\/www.reservisten-brandenburg.de\/sicherheitspolitik\/#organization"},"image":{"@id":"https:\/\/www.reservisten-brandenburg.de\/blog\/2026\/02\/21\/operationsplan-deutschland\/#primaryimage"},"thumbnailUrl":"https:\/\/www.reservisten-brandenburg.de\/sicherheitspolitik\/wp-content\/uploads\/sites\/6\/2026\/02\/KI-OpPlan-DEU-2.jpg","inLanguage":"de","potentialAction":[{"@type":"CommentAction","name":"Comment","target":["https:\/\/www.reservisten-brandenburg.de\/blog\/2026\/02\/21\/operationsplan-deutschland\/#respond"]}]},{"@type":"WebPage","@id":"https:\/\/www.reservisten-brandenburg.de\/sicherheitspolitik\/2026\/02\/21\/brandenburg-als-strategische-drehscheibe-der-operationsplan-deutschland-im-fokus\/","url":"https:\/\/www.reservisten-brandenburg.de\/blog\/2026\/02\/21\/operationsplan-deutschland\/","name":"Brandenburg als strategische Drehscheibe: Der Operationsplan Deutschland im Fokus - Sicherheitspolitik in Brandenburg","isPartOf":{"@id":"https:\/\/www.reservisten-brandenburg.de\/sicherheitspolitik\/#website"},"primaryImageOfPage":{"@id":"https:\/\/www.reservisten-brandenburg.de\/blog\/2026\/02\/21\/operationsplan-deutschland\/#primaryimage"},"image":{"@id":"https:\/\/www.reservisten-brandenburg.de\/blog\/2026\/02\/21\/operationsplan-deutschland\/#primaryimage"},"thumbnailUrl":"https:\/\/www.reservisten-brandenburg.de\/sicherheitspolitik\/wp-content\/uploads\/sites\/6\/2026\/02\/KI-OpPlan-DEU-2.jpg","datePublished":"2026-02-21T10:50:13+00:00","dateModified":"2026-03-06T10:57:46+00:00","breadcrumb":{"@id":"https:\/\/www.reservisten-brandenburg.de\/blog\/2026\/02\/21\/operationsplan-deutschland\/#breadcrumb"},"inLanguage":"de","potentialAction":[{"@type":"ReadAction","target":["https:\/\/www.reservisten-brandenburg.de\/blog\/2026\/02\/21\/operationsplan-deutschland\/"]}]},{"@type":"ImageObject","inLanguage":"de","@id":"https:\/\/www.reservisten-brandenburg.de\/blog\/2026\/02\/21\/operationsplan-deutschland\/#primaryimage","url":"https:\/\/www.reservisten-brandenburg.de\/sicherheitspolitik\/wp-content\/uploads\/sites\/6\/2026\/02\/KI-OpPlan-DEU-2.jpg","contentUrl":"https:\/\/www.reservisten-brandenburg.de\/sicherheitspolitik\/wp-content\/uploads\/sites\/6\/2026\/02\/KI-OpPlan-DEU-2.jpg","width":1376,"height":768},{"@type":"BreadcrumbList","@id":"https:\/\/www.reservisten-brandenburg.de\/blog\/2026\/02\/21\/operationsplan-deutschland\/#breadcrumb","itemListElement":[{"@type":"ListItem","position":1,"name":"Startseite","item":"https:\/\/www.reservisten-brandenburg.de\/sicherheitspolitik\/"},{"@type":"ListItem","position":2,"name":"Brandenburg als strategische Drehscheibe: Der Operationsplan Deutschland im Fokus"}]},{"@type":"WebSite","@id":"https:\/\/www.reservisten-brandenburg.de\/sicherheitspolitik\/#website","url":"https:\/\/www.reservisten-brandenburg.de\/sicherheitspolitik\/","name":"Sicherheitspolitik in Brandenburg","description":"Eine weitere Reservistenverband Brandenburg - Websites Website","publisher":{"@id":"https:\/\/www.reservisten-brandenburg.de\/sicherheitspolitik\/#organization"},"potentialAction":[{"@type":"SearchAction","target":{"@type":"EntryPoint","urlTemplate":"https:\/\/www.reservisten-brandenburg.de\/sicherheitspolitik\/?s={search_term_string}"},"query-input":{"@type":"PropertyValueSpecification","valueRequired":true,"valueName":"search_term_string"}}],"inLanguage":"de"},{"@type":"Organization","@id":"https:\/\/www.reservisten-brandenburg.de\/sicherheitspolitik\/#organization","name":"Reservistenverband Brandenburg","url":"https:\/\/www.reservisten-brandenburg.de\/sicherheitspolitik\/","logo":{"@type":"ImageObject","inLanguage":"de","@id":"https:\/\/www.reservisten-brandenburg.de\/sicherheitspolitik\/#\/schema\/logo\/image\/","url":"","contentUrl":"","caption":"Reservistenverband Brandenburg"},"image":{"@id":"https:\/\/www.reservisten-brandenburg.de\/sicherheitspolitik\/#\/schema\/logo\/image\/"},"sameAs":["https:\/\/www.facebook.com\/reservisten.brandenburg\/","https:\/\/x.com\/ResBrandenburg","https:\/\/www.youtube.com\/channel\/UC30IySNYu79rnI6_89Sdf_A","https:\/\/de.wikipedia.org\/wiki\/Verband_der_Reservisten_der_Deutschen_Bundeswehr"]},{"@type":"Person","@id":"https:\/\/www.reservisten-brandenburg.de\/sicherheitspolitik\/#\/schema\/person\/b99e21e3d546b3c5d8000a8c6369e917","name":"Ronald Nitschke","image":{"@type":"ImageObject","inLanguage":"de","@id":"https:\/\/secure.gravatar.com\/avatar\/4b4e956e7f12ebfeb975388715d2dca23111bc7627ddfce235ff01ea60cae6c6?s=96&d=mm&r=g","url":"https:\/\/secure.gravatar.com\/avatar\/4b4e956e7f12ebfeb975388715d2dca23111bc7627ddfce235ff01ea60cae6c6?s=96&d=mm&r=g","contentUrl":"https:\/\/secure.gravatar.com\/avatar\/4b4e956e7f12ebfeb975388715d2dca23111bc7627ddfce235ff01ea60cae6c6?s=96&d=mm&r=g","caption":"Ronald Nitschke"},"description":"Vorsitzender der Reservistenkameradschaft Potsdam und stellvertretender Landesvorsitzender mit Aufgabenschwerpunkt Presse und Kommunikation sowie IT und Digitalisierung.","sameAs":["https:\/\/www.ronaldnitschke.de","https:\/\/www.facebook.com\/ronald.nitschke.9","https:\/\/www.linkedin.com\/in\/ronaldnitschke\/","https:\/\/x.com\/ResPotsdam"],"url":"https:\/\/www.reservisten-brandenburg.de\/sicherheitspolitik\/author\/ronald\/"}]}},"_links":{"self":[{"href":"https:\/\/www.reservisten-brandenburg.de\/sicherheitspolitik\/wp-json\/wp\/v2\/posts\/121","targetHints":{"allow":["GET"]}}],"collection":[{"href":"https:\/\/www.reservisten-brandenburg.de\/sicherheitspolitik\/wp-json\/wp\/v2\/posts"}],"about":[{"href":"https:\/\/www.reservisten-brandenburg.de\/sicherheitspolitik\/wp-json\/wp\/v2\/types\/post"}],"author":[{"embeddable":true,"href":"https:\/\/www.reservisten-brandenburg.de\/sicherheitspolitik\/wp-json\/wp\/v2\/users\/12"}],"replies":[{"embeddable":true,"href":"https:\/\/www.reservisten-brandenburg.de\/sicherheitspolitik\/wp-json\/wp\/v2\/comments?post=121"}],"version-history":[{"count":1,"href":"https:\/\/www.reservisten-brandenburg.de\/sicherheitspolitik\/wp-json\/wp\/v2\/posts\/121\/revisions"}],"predecessor-version":[{"id":124,"href":"https:\/\/www.reservisten-brandenburg.de\/sicherheitspolitik\/wp-json\/wp\/v2\/posts\/121\/revisions\/124"}],"wp:featuredmedia":[{"embeddable":true,"href":"https:\/\/www.reservisten-brandenburg.de\/sicherheitspolitik\/wp-json\/wp\/v2\/media\/123"}],"wp:attachment":[{"href":"https:\/\/www.reservisten-brandenburg.de\/sicherheitspolitik\/wp-json\/wp\/v2\/media?parent=121"}],"wp:term":[{"taxonomy":"category","embeddable":true,"href":"https:\/\/www.reservisten-brandenburg.de\/sicherheitspolitik\/wp-json\/wp\/v2\/categories?post=121"},{"taxonomy":"post_tag","embeddable":true,"href":"https:\/\/www.reservisten-brandenburg.de\/sicherheitspolitik\/wp-json\/wp\/v2\/tags?post=121"}],"curies":[{"name":"wp","href":"https:\/\/api.w.org\/{rel}","templated":true}]}}