{"id":143,"date":"2020-03-17T13:58:26","date_gmt":"2020-03-17T12:58:26","guid":{"rendered":"https:\/\/www.reservisten-brandenburg.de\/corona\/2020\/03\/17\/corona-ausbildungsplanung-wird-angepasst\/"},"modified":"2020-05-12T03:08:28","modified_gmt":"2020-05-12T01:08:28","slug":"corona-ausbildungsplanung-wird-angepasst","status":"publish","type":"post","link":"https:\/\/www.reservisten-brandenburg.de\/sanitaetsdienst\/2020\/03\/17\/corona-ausbildungsplanung-wird-angepasst\/","title":{"rendered":"Corona: Ausbildungsplanung wird angepasst"},"content":{"rendered":"\n<p>Auf Grund der zunehmenden Verbreitung des Coronaviruses hat das <a href=\"https:\/\/www.reservisten-brandenburg.de\/die-landesgruppe\/partner\/landeskommando-brandenburg\/\">Landeskommando Brandenburg<\/a> alle dienstlichen Veranstaltungen (DVag) bis Ende April abgesagt. Damit werden die allgemeinen Empfehlungen zur Eind\u00e4mmung bzw. Verz\u00f6gerung der Pandemie umgesetzt. Dies betrifft die <a href=\"https:\/\/www.reservisten-brandenburg.de\/militaerische-ausbildung\/\">Ausbildungen in der freiwilligen Reservistenarbeit<\/a>, aber auch dienstliche Veranstaltungen und Reservedienste bei der Regionalen Unterst\u00fctzungs- und Sicherungskompanie Brandenburg.<\/p>\n\n\n\n<!--more-->\n\n\n\n<p>In der Landesgruppe f\u00fchrt dies zum Ausfall von acht DVags. Au\u00dferdem empfiehlt der Landesvorstand dringend auch auf die Durchf\u00fchrung der Verbandsveranstaltungen zu verzichten. Die Entscheidung dazu obliegt den Vorst\u00e4nden der entsprechenden <a href=\"https:\/\/www.reservistenkameradschaften.de\" target=\"_blank\" rel=\"noreferrer noopener\" aria-label=\"Gliederungen (\u00f6ffnet in neuem Tab)\">Gliederungen<\/a>. <\/p>\n\n\n\n<p>Der Ausfall der geplanten Veranstaltungen ist angesichts der Lage geboten, wirft aber auch die Planung der milit\u00e4rischen Ausbildung zur\u00fcck. Ziel war es St\u00fcck f\u00fcr St\u00fcck auf das Gefechtsschie\u00dfen bei Tag und Nacht am Ende das Jahres hinzuarbeiten, dass ein interessanter und fordernder H\u00f6hepunkt werden soll. <\/p>\n\n\n\n<p>An diesem Ziel soll festgehalten werden. Dazu arbeitet der <a href=\"https:\/\/www.reservisten-brandenburg.de\/die-landesgruppe\/landesvorstand\/\">Landesbeauftragte f\u00fcr milit\u00e4rische Ausbildung<\/a> bereits an einer Alternativplanung, um die Ausbildungen nachzuholen oder die Inhalte anderweitig zu vermitteln. Mit Wiedereinsetzen des \u00dcbungsbetriebes werden nun auch die Reservistenkameradschaften gefragt sein, milit\u00e4rische Grundf\u00e4higkeiten im Rahmen ihrer M\u00f6glichkeiten zu vermitteln, um die zentralen Ausbildungen zu entlasten und zu erm\u00f6glichen.<\/p>\n\n\n\n<p>Die aktuellen Informationen zu den weiteren Planungen und den Entwicklungen in der Corona-Krise f\u00fcr die Reserve in Brandenburg finden Sie regelm\u00e4\u00dfig aktualisiert auf <a href=\"https:\/\/www.reservisten-brandenburg.de\/news\/\">dieser Webseite<\/a>.<\/p>\n<div class=\"ShariffSC\" style=\"padding: 10px 0px 10px 0px;\"><div class=\"shariff shariff-align-left shariff-widget-align-left\" data-services=\"facebook%7Cpinterest\" data-url=\"https:\/\/www.reservisten-brandenburg.de\/sanitaetsdienst\/2020\/03\/17\/corona-ausbildungsplanung-wird-angepasst\/\" data-timestamp=\"1589252908\" data-hidezero=\"1\" data-backendurl=\"https:\/\/www.reservisten-brandenburg.de\/sanitaetsdienst\/wp-json\/shariff\/v1\/share_counts?\"><ul class=\"shariff-buttons theme-round orientation-horizontal buttonsize-medium\"><li class=\"shariff-button facebook shariff-nocustomcolor\" style=\"background-color:#4273c8\"><a href=\"https:\/\/www.facebook.com\/sharer\/sharer.php?u=https%3A%2F%2Fwww.reservisten-brandenburg.de%2Fsanitaetsdienst%2F2020%2F03%2F17%2Fcorona-ausbildungsplanung-wird-angepasst%2F\" title=\"Bei Facebook teilen\" aria-label=\"Bei Facebook teilen\" role=\"button\" rel=\"nofollow\" class=\"shariff-link\" style=\"; background-color:#3b5998; color:#fff\" target=\"_blank\"><span class=\"shariff-icon\" style=\"\"><svg width=\"32px\" height=\"20px\" xmlns=\"http:\/\/www.w3.org\/2000\/svg\" viewBox=\"0 0 18 32\"><path fill=\"#3b5998\" d=\"M17.1 0.2v4.7h-2.8q-1.5 0-2.1 0.6t-0.5 1.9v3.4h5.2l-0.7 5.3h-4.5v13.6h-5.5v-13.6h-4.5v-5.3h4.5v-3.9q0-3.3 1.9-5.2t5-1.8q2.6 0 4.1 0.2z\"\/><\/svg><\/span><span data-service=\"facebook\" style=\"color:#3b5998\" class=\"shariff-count shariff-hidezero\"><\/span>&nbsp;<\/a><\/li><li class=\"shariff-button twitter shariff-nocustomcolor\" style=\"background-color:#595959\"><a href=\"https:\/\/twitter.com\/share?url=https%3A%2F%2Fwww.reservisten-brandenburg.de%2Fsanitaetsdienst%2F2020%2F03%2F17%2Fcorona-ausbildungsplanung-wird-angepasst%2F&text=Corona%3A%20Ausbildungsplanung%20wird%20angepasst&via=ResBrandenburg\" title=\"Bei X teilen\" aria-label=\"Bei X teilen\" role=\"button\" rel=\"noopener nofollow\" class=\"shariff-link\" style=\"; background-color:#000; color:#fff\" target=\"_blank\"><span class=\"shariff-icon\" style=\"\"><svg width=\"32px\" height=\"20px\" xmlns=\"http:\/\/www.w3.org\/2000\/svg\" viewBox=\"0 0 24 24\"><path fill=\"#000\" d=\"M14.258 10.152L23.176 0h-2.113l-7.747 8.813L7.133 0H0l9.352 13.328L0 23.973h2.113l8.176-9.309 6.531 9.309h7.133zm-2.895 3.293l-.949-1.328L2.875 1.56h3.246l6.086 8.523.945 1.328 7.91 11.078h-3.246zm0 0\"\/><\/svg><\/span><\/a><\/li><li class=\"shariff-button linkedin shariff-nocustomcolor\" style=\"background-color:#1488bf\"><a href=\"https:\/\/www.linkedin.com\/sharing\/share-offsite\/?url=https%3A%2F%2Fwww.reservisten-brandenburg.de%2Fsanitaetsdienst%2F2020%2F03%2F17%2Fcorona-ausbildungsplanung-wird-angepasst%2F\" title=\"Bei LinkedIn teilen\" aria-label=\"Bei LinkedIn teilen\" role=\"button\" rel=\"noopener nofollow\" class=\"shariff-link\" style=\"; background-color:#0077b5; color:#fff\" target=\"_blank\"><span class=\"shariff-icon\" style=\"\"><svg width=\"32px\" height=\"20px\" xmlns=\"http:\/\/www.w3.org\/2000\/svg\" viewBox=\"0 0 27 32\"><path fill=\"#0077b5\" d=\"M6.2 11.2v17.7h-5.9v-17.7h5.9zM6.6 5.7q0 1.3-0.9 2.2t-2.4 0.9h0q-1.5 0-2.4-0.9t-0.9-2.2 0.9-2.2 2.4-0.9 2.4 0.9 0.9 2.2zM27.4 18.7v10.1h-5.9v-9.5q0-1.9-0.7-2.9t-2.3-1.1q-1.1 0-1.9 0.6t-1.2 1.5q-0.2 0.5-0.2 1.4v9.9h-5.9q0-7.1 0-11.6t0-5.3l0-0.9h5.9v2.6h0q0.4-0.6 0.7-1t1-0.9 1.6-0.8 2-0.3q3 0 4.9 2t1.9 6z\"\/><\/svg><\/span><\/a><\/li><li class=\"shariff-button xing shariff-nocustomcolor\" style=\"background-color:#29888a\"><a href=\"https:\/\/www.xing.com\/spi\/shares\/new?url=https%3A%2F%2Fwww.reservisten-brandenburg.de%2Fsanitaetsdienst%2F2020%2F03%2F17%2Fcorona-ausbildungsplanung-wird-angepasst%2F\" title=\"Bei XING teilen\" aria-label=\"Bei XING teilen\" role=\"button\" rel=\"noopener nofollow\" class=\"shariff-link\" style=\"; background-color:#126567; color:#fff\" target=\"_blank\"><span class=\"shariff-icon\" style=\"\"><svg width=\"32px\" height=\"20px\" xmlns=\"http:\/\/www.w3.org\/2000\/svg\" viewBox=\"0 0 25 32\"><path fill=\"#126567\" d=\"M10.7 11.9q-0.2 0.3-4.6 8.2-0.5 0.8-1.2 0.8h-4.3q-0.4 0-0.5-0.3t0-0.6l4.5-8q0 0 0 0l-2.9-5q-0.2-0.4 0-0.7 0.2-0.3 0.5-0.3h4.3q0.7 0 1.2 0.8zM25.1 0.4q0.2 0.3 0 0.7l-9.4 16.7 6 11q0.2 0.4 0 0.6-0.2 0.3-0.6 0.3h-4.3q-0.7 0-1.2-0.8l-6-11.1q0.3-0.6 9.5-16.8 0.4-0.8 1.2-0.8h4.3q0.4 0 0.5 0.3z\"\/><\/svg><\/span><\/a><\/li><li class=\"shariff-button pinterest shariff-nocustomcolor\" style=\"background-color:#e70f18\"><a href=\"https:\/\/www.pinterest.com\/pin\/create\/link\/?url=https%3A%2F%2Fwww.reservisten-brandenburg.de%2Fsanitaetsdienst%2F2020%2F03%2F17%2Fcorona-ausbildungsplanung-wird-angepasst%2F&media=https%3A%2F%2Fwww.reservisten-brandenburg.de%2Fsanitaetsdienst%2Fwp-content%2Fuploads%2Fsites%2F7%2F2020%2F03%2Fcorona_milita%CC%88rische_Ausbildung.jpg&description=Corona%3A%20Ausbildungsplanung%20wird%20angepasst\" title=\"Bei Pinterest pinnen\" aria-label=\"Bei Pinterest pinnen\" role=\"button\" rel=\"noopener nofollow\" class=\"shariff-link\" style=\"; background-color:#cb2027; color:#fff\" target=\"_blank\"><span class=\"shariff-icon\" style=\"\"><svg width=\"32px\" height=\"20px\" xmlns=\"http:\/\/www.w3.org\/2000\/svg\" viewBox=\"0 0 27 32\"><path fill=\"#cb2027\" d=\"M27.4 16q0 3.7-1.8 6.9t-5 5-6.9 1.9q-2 0-3.9-0.6 1.1-1.7 1.4-2.9 0.2-0.6 1-3.8 0.4 0.7 1.3 1.2t2 0.5q2.1 0 3.8-1.2t2.7-3.4 0.9-4.8q0-2-1.1-3.8t-3.1-2.9-4.5-1.2q-1.9 0-3.5 0.5t-2.8 1.4-2 2-1.2 2.3-0.4 2.4q0 1.9 0.7 3.3t2.1 2q0.5 0.2 0.7-0.4 0-0.1 0.1-0.5t0.2-0.5q0.1-0.4-0.2-0.8-0.9-1.1-0.9-2.7 0-2.7 1.9-4.6t4.9-2q2.7 0 4.2 1.5t1.5 3.8q0 3-1.2 5.2t-3.1 2.1q-1.1 0-1.7-0.8t-0.4-1.9q0.1-0.6 0.5-1.7t0.5-1.8 0.2-1.4q0-0.9-0.5-1.5t-1.4-0.6q-1.1 0-1.9 1t-0.8 2.6q0 1.3 0.4 2.2l-1.8 7.5q-0.3 1.2-0.2 3.2-3.7-1.6-6-5t-2.3-7.6q0-3.7 1.9-6.9t5-5 6.9-1.9 6.9 1.9 5 5 1.8 6.9z\"\/><\/svg><\/span><span data-service=\"pinterest\" style=\"color:#cb2027\" class=\"shariff-count shariff-hidezero\"><\/span>&nbsp;<\/a><\/li><li class=\"shariff-button whatsapp shariff-nocustomcolor shariff-mobile\" style=\"background-color:#5cbe4a\"><a href=\"https:\/\/api.whatsapp.com\/send?text=https%3A%2F%2Fwww.reservisten-brandenburg.de%2Fsanitaetsdienst%2F2020%2F03%2F17%2Fcorona-ausbildungsplanung-wird-angepasst%2F%20Corona%3A%20Ausbildungsplanung%20wird%20angepasst\" title=\"Bei Whatsapp teilen\" aria-label=\"Bei Whatsapp teilen\" role=\"button\" rel=\"noopener nofollow\" class=\"shariff-link\" style=\"; background-color:#34af23; color:#fff\" target=\"_blank\"><span class=\"shariff-icon\" style=\"\"><svg width=\"32px\" height=\"20px\" xmlns=\"http:\/\/www.w3.org\/2000\/svg\" viewBox=\"0 0 32 32\"><path fill=\"#34af23\" d=\"M17.6 17.4q0.2 0 1.7 0.8t1.6 0.9q0 0.1 0 0.3 0 0.6-0.3 1.4-0.3 0.7-1.3 1.2t-1.8 0.5q-1 0-3.4-1.1-1.7-0.8-3-2.1t-2.6-3.3q-1.3-1.9-1.3-3.5v-0.1q0.1-1.6 1.3-2.8 0.4-0.4 0.9-0.4 0.1 0 0.3 0t0.3 0q0.3 0 0.5 0.1t0.3 0.5q0.1 0.4 0.6 1.6t0.4 1.3q0 0.4-0.6 1t-0.6 0.8q0 0.1 0.1 0.3 0.6 1.3 1.8 2.4 1 0.9 2.7 1.8 0.2 0.1 0.4 0.1 0.3 0 1-0.9t0.9-0.9zM14 26.9q2.3 0 4.3-0.9t3.6-2.4 2.4-3.6 0.9-4.3-0.9-4.3-2.4-3.6-3.6-2.4-4.3-0.9-4.3 0.9-3.6 2.4-2.4 3.6-0.9 4.3q0 3.6 2.1 6.6l-1.4 4.2 4.3-1.4q2.8 1.9 6.2 1.9zM14 2.2q2.7 0 5.2 1.1t4.3 2.9 2.9 4.3 1.1 5.2-1.1 5.2-2.9 4.3-4.3 2.9-5.2 1.1q-3.5 0-6.5-1.7l-7.4 2.4 2.4-7.2q-1.9-3.2-1.9-6.9 0-2.7 1.1-5.2t2.9-4.3 4.3-2.9 5.2-1.1z\"\/><\/svg><\/span><\/a><\/li><li class=\"shariff-button mailto shariff-nocustomcolor\" style=\"background-color:#a8a8a8\"><a href=\"mailto:?body=https%3A%2F%2Fwww.reservisten-brandenburg.de%2Fsanitaetsdienst%2F2020%2F03%2F17%2Fcorona-ausbildungsplanung-wird-angepasst%2F&subject=Corona%3A%20Ausbildungsplanung%20wird%20angepasst\" title=\"Per E-Mail versenden\" aria-label=\"Per E-Mail versenden\" role=\"button\" rel=\"noopener nofollow\" class=\"shariff-link\" style=\"; background-color:#999; color:#fff\"><span class=\"shariff-icon\" style=\"\"><svg width=\"32px\" height=\"20px\" xmlns=\"http:\/\/www.w3.org\/2000\/svg\" viewBox=\"0 0 32 32\"><path fill=\"#999\" d=\"M32 12.7v14.2q0 1.2-0.8 2t-2 0.9h-26.3q-1.2 0-2-0.9t-0.8-2v-14.2q0.8 0.9 1.8 1.6 6.5 4.4 8.9 6.1 1 0.8 1.6 1.2t1.7 0.9 2 0.4h0.1q0.9 0 2-0.4t1.7-0.9 1.6-1.2q3-2.2 8.9-6.1 1-0.7 1.8-1.6zM32 7.4q0 1.4-0.9 2.7t-2.2 2.2q-6.7 4.7-8.4 5.8-0.2 0.1-0.7 0.5t-1 0.7-0.9 0.6-1.1 0.5-0.9 0.2h-0.1q-0.4 0-0.9-0.2t-1.1-0.5-0.9-0.6-1-0.7-0.7-0.5q-1.6-1.1-4.7-3.2t-3.6-2.6q-1.1-0.7-2.1-2t-1-2.5q0-1.4 0.7-2.3t2.1-0.9h26.3q1.2 0 2 0.8t0.9 2z\"\/><\/svg><\/span><\/a><\/li><\/ul><\/div><\/div>","protected":false},"excerpt":{"rendered":"<p>Auf Grund der zunehmenden Verbreitung des Coronaviruses hat das Landeskommando Brandenburg alle dienstlichen Veranstaltungen (DVag) bis Ende April abgesagt. Damit werden die allgemeinen Empfehlungen zur Eind\u00e4mmung bzw. Verz\u00f6gerung der Pandemie [&hellip;]<\/p>\n","protected":false},"author":12,"featured_media":47,"comment_status":"open","ping_status":"open","sticky":false,"template":"","format":"standard","meta":{"footnotes":""},"categories":[32,19,22],"tags":[24,8,27,28,29,30],"class_list":["post-143","post","type-post","status-publish","format-standard","has-post-thumbnail","hentry","category-landesvorstand","category-militaerische-ausbildung","category-sicherungszug","tag-absage-corona","tag-corona","tag-landesgruppe","tag-landesvorstand","tag-militaerische-ausbildung","tag-sicherungszug"],"yoast_head":"<!-- This site is optimized with the Yoast SEO plugin v27.4 - https:\/\/yoast.com\/product\/yoast-seo-wordpress\/ -->\n<title>Corona: Ausbildungsplanung wird angepasst - RAG Sanit\u00e4tsdienst<\/title>\n<meta name=\"robots\" content=\"index, follow, max-snippet:-1, max-image-preview:large, max-video-preview:-1\" \/>\n<link rel=\"canonical\" href=\"https:\/\/www.reservisten-brandenburg.de\/blog\/2020\/03\/17\/corona-ausbildungsplanung-wird-angepasst\/\" \/>\n<meta property=\"og:locale\" content=\"de_DE\" \/>\n<meta property=\"og:type\" content=\"article\" \/>\n<meta property=\"og:title\" content=\"Corona: Ausbildungsplanung wird angepasst - RAG Sanit\u00e4tsdienst\" \/>\n<meta property=\"og:description\" content=\"Auf Grund der zunehmenden Verbreitung des Coronaviruses hat das Landeskommando Brandenburg alle dienstlichen Veranstaltungen (DVag) bis Ende April abgesagt. Damit werden die allgemeinen Empfehlungen zur Eind\u00e4mmung bzw. Verz\u00f6gerung der Pandemie [&hellip;]\" \/>\n<meta property=\"og:url\" content=\"https:\/\/www.reservisten-brandenburg.de\/blog\/2020\/03\/17\/corona-ausbildungsplanung-wird-angepasst\/\" \/>\n<meta property=\"og:site_name\" content=\"RAG Sanit\u00e4tsdienst\" \/>\n<meta property=\"article:publisher\" content=\"https:\/\/www.facebook.com\/reservisten.brandenburg\/\" \/>\n<meta property=\"article:author\" content=\"https:\/\/www.facebook.com\/ronald.nitschke.9\" \/>\n<meta property=\"article:published_time\" content=\"2020-03-17T12:58:26+00:00\" \/>\n<meta property=\"article:modified_time\" content=\"2020-05-12T01:08:28+00:00\" \/>\n<meta property=\"og:image\" content=\"https:\/\/www.reservisten-brandenburg.de\/sanitaetsdienst\/wp-content\/uploads\/sites\/7\/2020\/03\/corona_milita\u0308rische_Ausbildung.jpg\" \/>\n\t<meta property=\"og:image:width\" content=\"1600\" \/>\n\t<meta property=\"og:image:height\" content=\"900\" \/>\n\t<meta property=\"og:image:type\" content=\"image\/jpeg\" \/>\n<meta name=\"author\" content=\"Ronald Nitschke\" \/>\n<meta name=\"twitter:card\" content=\"summary_large_image\" \/>\n<meta name=\"twitter:creator\" content=\"@ResPotsdam\" \/>\n<meta name=\"twitter:site\" content=\"@ResBrandenburg\" \/>\n<meta name=\"twitter:label1\" content=\"Verfasst von\" \/>\n\t<meta name=\"twitter:data1\" content=\"Ronald Nitschke\" \/>\n\t<meta name=\"twitter:label2\" content=\"Gesch\u00e4tzte Lesezeit\" \/>\n\t<meta name=\"twitter:data2\" content=\"1\u00a0Minute\" \/>\n<script type=\"application\/ld+json\" class=\"yoast-schema-graph\">{\"@context\":\"https:\\\/\\\/schema.org\",\"@graph\":[{\"@type\":\"Article\",\"@id\":\"https:\\\/\\\/www.reservisten-brandenburg.de\\\/blog\\\/2020\\\/03\\\/17\\\/corona-ausbildungsplanung-wird-angepasst\\\/#article\",\"isPartOf\":{\"@id\":\"https:\\\/\\\/www.reservisten-brandenburg.de\\\/sanitaetsdienst\\\/2020\\\/03\\\/17\\\/corona-ausbildungsplanung-wird-angepasst\\\/\"},\"author\":{\"name\":\"Ronald Nitschke\",\"@id\":\"https:\\\/\\\/www.reservisten-brandenburg.de\\\/sanitaetsdienst\\\/#\\\/schema\\\/person\\\/b99e21e3d546b3c5d8000a8c6369e917\"},\"headline\":\"Corona: Ausbildungsplanung wird angepasst\",\"datePublished\":\"2020-03-17T12:58:26+00:00\",\"dateModified\":\"2020-05-12T01:08:28+00:00\",\"mainEntityOfPage\":{\"@id\":\"https:\\\/\\\/www.reservisten-brandenburg.de\\\/sanitaetsdienst\\\/2020\\\/03\\\/17\\\/corona-ausbildungsplanung-wird-angepasst\\\/\"},\"wordCount\":235,\"commentCount\":0,\"publisher\":{\"@id\":\"https:\\\/\\\/www.reservisten-brandenburg.de\\\/sanitaetsdienst\\\/#organization\"},\"image\":{\"@id\":\"https:\\\/\\\/www.reservisten-brandenburg.de\\\/blog\\\/2020\\\/03\\\/17\\\/corona-ausbildungsplanung-wird-angepasst\\\/#primaryimage\"},\"thumbnailUrl\":\"https:\\\/\\\/www.reservisten-brandenburg.de\\\/sanitaetsdienst\\\/wp-content\\\/uploads\\\/sites\\\/7\\\/2020\\\/03\\\/corona_milita\u0308rische_Ausbildung.jpg\",\"keywords\":[\"Absage (Corona)\",\"Corona\",\"Landesgruppe\",\"Landesvorstand\",\"Milit\u00e4rische Ausbildung\",\"Sicherungszug\"],\"articleSection\":[\"Landesvorstand\",\"Milit\u00e4rische Ausbildung\",\"Sicherungszug\"],\"inLanguage\":\"de\",\"potentialAction\":[{\"@type\":\"CommentAction\",\"name\":\"Comment\",\"target\":[\"https:\\\/\\\/www.reservisten-brandenburg.de\\\/blog\\\/2020\\\/03\\\/17\\\/corona-ausbildungsplanung-wird-angepasst\\\/#respond\"]}]},{\"@type\":\"WebPage\",\"@id\":\"https:\\\/\\\/www.reservisten-brandenburg.de\\\/sanitaetsdienst\\\/2020\\\/03\\\/17\\\/corona-ausbildungsplanung-wird-angepasst\\\/\",\"url\":\"https:\\\/\\\/www.reservisten-brandenburg.de\\\/blog\\\/2020\\\/03\\\/17\\\/corona-ausbildungsplanung-wird-angepasst\\\/\",\"name\":\"Corona: Ausbildungsplanung wird angepasst - RAG Sanit\u00e4tsdienst\",\"isPartOf\":{\"@id\":\"https:\\\/\\\/www.reservisten-brandenburg.de\\\/sanitaetsdienst\\\/#website\"},\"primaryImageOfPage\":{\"@id\":\"https:\\\/\\\/www.reservisten-brandenburg.de\\\/blog\\\/2020\\\/03\\\/17\\\/corona-ausbildungsplanung-wird-angepasst\\\/#primaryimage\"},\"image\":{\"@id\":\"https:\\\/\\\/www.reservisten-brandenburg.de\\\/blog\\\/2020\\\/03\\\/17\\\/corona-ausbildungsplanung-wird-angepasst\\\/#primaryimage\"},\"thumbnailUrl\":\"https:\\\/\\\/www.reservisten-brandenburg.de\\\/sanitaetsdienst\\\/wp-content\\\/uploads\\\/sites\\\/7\\\/2020\\\/03\\\/corona_milita\u0308rische_Ausbildung.jpg\",\"datePublished\":\"2020-03-17T12:58:26+00:00\",\"dateModified\":\"2020-05-12T01:08:28+00:00\",\"breadcrumb\":{\"@id\":\"https:\\\/\\\/www.reservisten-brandenburg.de\\\/blog\\\/2020\\\/03\\\/17\\\/corona-ausbildungsplanung-wird-angepasst\\\/#breadcrumb\"},\"inLanguage\":\"de\",\"potentialAction\":[{\"@type\":\"ReadAction\",\"target\":[\"https:\\\/\\\/www.reservisten-brandenburg.de\\\/blog\\\/2020\\\/03\\\/17\\\/corona-ausbildungsplanung-wird-angepasst\\\/\"]}]},{\"@type\":\"ImageObject\",\"inLanguage\":\"de\",\"@id\":\"https:\\\/\\\/www.reservisten-brandenburg.de\\\/blog\\\/2020\\\/03\\\/17\\\/corona-ausbildungsplanung-wird-angepasst\\\/#primaryimage\",\"url\":\"https:\\\/\\\/www.reservisten-brandenburg.de\\\/sanitaetsdienst\\\/wp-content\\\/uploads\\\/sites\\\/7\\\/2020\\\/03\\\/corona_milita\u0308rische_Ausbildung.jpg\",\"contentUrl\":\"https:\\\/\\\/www.reservisten-brandenburg.de\\\/sanitaetsdienst\\\/wp-content\\\/uploads\\\/sites\\\/7\\\/2020\\\/03\\\/corona_milita\u0308rische_Ausbildung.jpg\",\"width\":1600,\"height\":900},{\"@type\":\"BreadcrumbList\",\"@id\":\"https:\\\/\\\/www.reservisten-brandenburg.de\\\/blog\\\/2020\\\/03\\\/17\\\/corona-ausbildungsplanung-wird-angepasst\\\/#breadcrumb\",\"itemListElement\":[{\"@type\":\"ListItem\",\"position\":1,\"name\":\"Startseite\",\"item\":\"https:\\\/\\\/www.reservisten-brandenburg.de\\\/sanitaetsdienst\\\/\"},{\"@type\":\"ListItem\",\"position\":2,\"name\":\"Corona: Ausbildungsplanung wird angepasst\"}]},{\"@type\":\"WebSite\",\"@id\":\"https:\\\/\\\/www.reservisten-brandenburg.de\\\/sanitaetsdienst\\\/#website\",\"url\":\"https:\\\/\\\/www.reservisten-brandenburg.de\\\/sanitaetsdienst\\\/\",\"name\":\"RAG Sanit\u00e4tsdienst\",\"description\":\"Professionelle Sanit\u00e4tsausbildung im Reservistenverband Brandenburg\",\"publisher\":{\"@id\":\"https:\\\/\\\/www.reservisten-brandenburg.de\\\/sanitaetsdienst\\\/#organization\"},\"potentialAction\":[{\"@type\":\"SearchAction\",\"target\":{\"@type\":\"EntryPoint\",\"urlTemplate\":\"https:\\\/\\\/www.reservisten-brandenburg.de\\\/sanitaetsdienst\\\/?s={search_term_string}\"},\"query-input\":{\"@type\":\"PropertyValueSpecification\",\"valueRequired\":true,\"valueName\":\"search_term_string\"}}],\"inLanguage\":\"de\"},{\"@type\":\"Organization\",\"@id\":\"https:\\\/\\\/www.reservisten-brandenburg.de\\\/sanitaetsdienst\\\/#organization\",\"name\":\"Reservistenverband Brandenburg\",\"url\":\"https:\\\/\\\/www.reservisten-brandenburg.de\\\/sanitaetsdienst\\\/\",\"logo\":{\"@type\":\"ImageObject\",\"inLanguage\":\"de\",\"@id\":\"https:\\\/\\\/www.reservisten-brandenburg.de\\\/sanitaetsdienst\\\/#\\\/schema\\\/logo\\\/image\\\/\",\"url\":\"\",\"contentUrl\":\"\",\"caption\":\"Reservistenverband Brandenburg\"},\"image\":{\"@id\":\"https:\\\/\\\/www.reservisten-brandenburg.de\\\/sanitaetsdienst\\\/#\\\/schema\\\/logo\\\/image\\\/\"},\"sameAs\":[\"https:\\\/\\\/www.facebook.com\\\/reservisten.brandenburg\\\/\",\"https:\\\/\\\/x.com\\\/ResBrandenburg\",\"https:\\\/\\\/www.youtube.com\\\/channel\\\/UC30IySNYu79rnI6_89Sdf_A\",\"https:\\\/\\\/de.wikipedia.org\\\/wiki\\\/Verband_der_Reservisten_der_Deutschen_Bundeswehr\"]},{\"@type\":\"Person\",\"@id\":\"https:\\\/\\\/www.reservisten-brandenburg.de\\\/sanitaetsdienst\\\/#\\\/schema\\\/person\\\/b99e21e3d546b3c5d8000a8c6369e917\",\"name\":\"Ronald Nitschke\",\"image\":{\"@type\":\"ImageObject\",\"inLanguage\":\"de\",\"@id\":\"https:\\\/\\\/secure.gravatar.com\\\/avatar\\\/4b4e956e7f12ebfeb975388715d2dca23111bc7627ddfce235ff01ea60cae6c6?s=96&d=mm&r=g\",\"url\":\"https:\\\/\\\/secure.gravatar.com\\\/avatar\\\/4b4e956e7f12ebfeb975388715d2dca23111bc7627ddfce235ff01ea60cae6c6?s=96&d=mm&r=g\",\"contentUrl\":\"https:\\\/\\\/secure.gravatar.com\\\/avatar\\\/4b4e956e7f12ebfeb975388715d2dca23111bc7627ddfce235ff01ea60cae6c6?s=96&d=mm&r=g\",\"caption\":\"Ronald Nitschke\"},\"description\":\"Vorsitzender der Reservistenkameradschaft Potsdam und stellvertretender Landesvorsitzender mit Aufgabenschwerpunkt Presse und Kommunikation sowie IT und Digitalisierung.\",\"sameAs\":[\"https:\\\/\\\/www.ronaldnitschke.de\",\"https:\\\/\\\/www.facebook.com\\\/ronald.nitschke.9\",\"https:\\\/\\\/www.linkedin.com\\\/in\\\/ronaldnitschke\\\/\",\"https:\\\/\\\/x.com\\\/ResPotsdam\"],\"url\":\"https:\\\/\\\/www.reservisten-brandenburg.de\\\/sanitaetsdienst\\\/author\\\/ronald\\\/\"}]}<\/script>\n<!-- \/ Yoast SEO plugin. -->","yoast_head_json":{"title":"Corona: Ausbildungsplanung wird angepasst - RAG Sanit\u00e4tsdienst","robots":{"index":"index","follow":"follow","max-snippet":"max-snippet:-1","max-image-preview":"max-image-preview:large","max-video-preview":"max-video-preview:-1"},"canonical":"https:\/\/www.reservisten-brandenburg.de\/blog\/2020\/03\/17\/corona-ausbildungsplanung-wird-angepasst\/","og_locale":"de_DE","og_type":"article","og_title":"Corona: Ausbildungsplanung wird angepasst - RAG Sanit\u00e4tsdienst","og_description":"Auf Grund der zunehmenden Verbreitung des Coronaviruses hat das Landeskommando Brandenburg alle dienstlichen Veranstaltungen (DVag) bis Ende April abgesagt. Damit werden die allgemeinen Empfehlungen zur Eind\u00e4mmung bzw. Verz\u00f6gerung der Pandemie [&hellip;]","og_url":"https:\/\/www.reservisten-brandenburg.de\/blog\/2020\/03\/17\/corona-ausbildungsplanung-wird-angepasst\/","og_site_name":"RAG Sanit\u00e4tsdienst","article_publisher":"https:\/\/www.facebook.com\/reservisten.brandenburg\/","article_author":"https:\/\/www.facebook.com\/ronald.nitschke.9","article_published_time":"2020-03-17T12:58:26+00:00","article_modified_time":"2020-05-12T01:08:28+00:00","og_image":[{"width":1600,"height":900,"url":"https:\/\/www.reservisten-brandenburg.de\/sanitaetsdienst\/wp-content\/uploads\/sites\/7\/2020\/03\/corona_milita\u0308rische_Ausbildung.jpg","type":"image\/jpeg"}],"author":"Ronald Nitschke","twitter_card":"summary_large_image","twitter_creator":"@ResPotsdam","twitter_site":"@ResBrandenburg","twitter_misc":{"Verfasst von":"Ronald Nitschke","Gesch\u00e4tzte Lesezeit":"1\u00a0Minute"},"schema":{"@context":"https:\/\/schema.org","@graph":[{"@type":"Article","@id":"https:\/\/www.reservisten-brandenburg.de\/blog\/2020\/03\/17\/corona-ausbildungsplanung-wird-angepasst\/#article","isPartOf":{"@id":"https:\/\/www.reservisten-brandenburg.de\/sanitaetsdienst\/2020\/03\/17\/corona-ausbildungsplanung-wird-angepasst\/"},"author":{"name":"Ronald Nitschke","@id":"https:\/\/www.reservisten-brandenburg.de\/sanitaetsdienst\/#\/schema\/person\/b99e21e3d546b3c5d8000a8c6369e917"},"headline":"Corona: Ausbildungsplanung wird angepasst","datePublished":"2020-03-17T12:58:26+00:00","dateModified":"2020-05-12T01:08:28+00:00","mainEntityOfPage":{"@id":"https:\/\/www.reservisten-brandenburg.de\/sanitaetsdienst\/2020\/03\/17\/corona-ausbildungsplanung-wird-angepasst\/"},"wordCount":235,"commentCount":0,"publisher":{"@id":"https:\/\/www.reservisten-brandenburg.de\/sanitaetsdienst\/#organization"},"image":{"@id":"https:\/\/www.reservisten-brandenburg.de\/blog\/2020\/03\/17\/corona-ausbildungsplanung-wird-angepasst\/#primaryimage"},"thumbnailUrl":"https:\/\/www.reservisten-brandenburg.de\/sanitaetsdienst\/wp-content\/uploads\/sites\/7\/2020\/03\/corona_milita\u0308rische_Ausbildung.jpg","keywords":["Absage (Corona)","Corona","Landesgruppe","Landesvorstand","Milit\u00e4rische Ausbildung","Sicherungszug"],"articleSection":["Landesvorstand","Milit\u00e4rische Ausbildung","Sicherungszug"],"inLanguage":"de","potentialAction":[{"@type":"CommentAction","name":"Comment","target":["https:\/\/www.reservisten-brandenburg.de\/blog\/2020\/03\/17\/corona-ausbildungsplanung-wird-angepasst\/#respond"]}]},{"@type":"WebPage","@id":"https:\/\/www.reservisten-brandenburg.de\/sanitaetsdienst\/2020\/03\/17\/corona-ausbildungsplanung-wird-angepasst\/","url":"https:\/\/www.reservisten-brandenburg.de\/blog\/2020\/03\/17\/corona-ausbildungsplanung-wird-angepasst\/","name":"Corona: Ausbildungsplanung wird angepasst - RAG Sanit\u00e4tsdienst","isPartOf":{"@id":"https:\/\/www.reservisten-brandenburg.de\/sanitaetsdienst\/#website"},"primaryImageOfPage":{"@id":"https:\/\/www.reservisten-brandenburg.de\/blog\/2020\/03\/17\/corona-ausbildungsplanung-wird-angepasst\/#primaryimage"},"image":{"@id":"https:\/\/www.reservisten-brandenburg.de\/blog\/2020\/03\/17\/corona-ausbildungsplanung-wird-angepasst\/#primaryimage"},"thumbnailUrl":"https:\/\/www.reservisten-brandenburg.de\/sanitaetsdienst\/wp-content\/uploads\/sites\/7\/2020\/03\/corona_milita\u0308rische_Ausbildung.jpg","datePublished":"2020-03-17T12:58:26+00:00","dateModified":"2020-05-12T01:08:28+00:00","breadcrumb":{"@id":"https:\/\/www.reservisten-brandenburg.de\/blog\/2020\/03\/17\/corona-ausbildungsplanung-wird-angepasst\/#breadcrumb"},"inLanguage":"de","potentialAction":[{"@type":"ReadAction","target":["https:\/\/www.reservisten-brandenburg.de\/blog\/2020\/03\/17\/corona-ausbildungsplanung-wird-angepasst\/"]}]},{"@type":"ImageObject","inLanguage":"de","@id":"https:\/\/www.reservisten-brandenburg.de\/blog\/2020\/03\/17\/corona-ausbildungsplanung-wird-angepasst\/#primaryimage","url":"https:\/\/www.reservisten-brandenburg.de\/sanitaetsdienst\/wp-content\/uploads\/sites\/7\/2020\/03\/corona_milita\u0308rische_Ausbildung.jpg","contentUrl":"https:\/\/www.reservisten-brandenburg.de\/sanitaetsdienst\/wp-content\/uploads\/sites\/7\/2020\/03\/corona_milita\u0308rische_Ausbildung.jpg","width":1600,"height":900},{"@type":"BreadcrumbList","@id":"https:\/\/www.reservisten-brandenburg.de\/blog\/2020\/03\/17\/corona-ausbildungsplanung-wird-angepasst\/#breadcrumb","itemListElement":[{"@type":"ListItem","position":1,"name":"Startseite","item":"https:\/\/www.reservisten-brandenburg.de\/sanitaetsdienst\/"},{"@type":"ListItem","position":2,"name":"Corona: Ausbildungsplanung wird angepasst"}]},{"@type":"WebSite","@id":"https:\/\/www.reservisten-brandenburg.de\/sanitaetsdienst\/#website","url":"https:\/\/www.reservisten-brandenburg.de\/sanitaetsdienst\/","name":"RAG Sanit\u00e4tsdienst","description":"Professionelle Sanit\u00e4tsausbildung im Reservistenverband Brandenburg","publisher":{"@id":"https:\/\/www.reservisten-brandenburg.de\/sanitaetsdienst\/#organization"},"potentialAction":[{"@type":"SearchAction","target":{"@type":"EntryPoint","urlTemplate":"https:\/\/www.reservisten-brandenburg.de\/sanitaetsdienst\/?s={search_term_string}"},"query-input":{"@type":"PropertyValueSpecification","valueRequired":true,"valueName":"search_term_string"}}],"inLanguage":"de"},{"@type":"Organization","@id":"https:\/\/www.reservisten-brandenburg.de\/sanitaetsdienst\/#organization","name":"Reservistenverband Brandenburg","url":"https:\/\/www.reservisten-brandenburg.de\/sanitaetsdienst\/","logo":{"@type":"ImageObject","inLanguage":"de","@id":"https:\/\/www.reservisten-brandenburg.de\/sanitaetsdienst\/#\/schema\/logo\/image\/","url":"","contentUrl":"","caption":"Reservistenverband Brandenburg"},"image":{"@id":"https:\/\/www.reservisten-brandenburg.de\/sanitaetsdienst\/#\/schema\/logo\/image\/"},"sameAs":["https:\/\/www.facebook.com\/reservisten.brandenburg\/","https:\/\/x.com\/ResBrandenburg","https:\/\/www.youtube.com\/channel\/UC30IySNYu79rnI6_89Sdf_A","https:\/\/de.wikipedia.org\/wiki\/Verband_der_Reservisten_der_Deutschen_Bundeswehr"]},{"@type":"Person","@id":"https:\/\/www.reservisten-brandenburg.de\/sanitaetsdienst\/#\/schema\/person\/b99e21e3d546b3c5d8000a8c6369e917","name":"Ronald Nitschke","image":{"@type":"ImageObject","inLanguage":"de","@id":"https:\/\/secure.gravatar.com\/avatar\/4b4e956e7f12ebfeb975388715d2dca23111bc7627ddfce235ff01ea60cae6c6?s=96&d=mm&r=g","url":"https:\/\/secure.gravatar.com\/avatar\/4b4e956e7f12ebfeb975388715d2dca23111bc7627ddfce235ff01ea60cae6c6?s=96&d=mm&r=g","contentUrl":"https:\/\/secure.gravatar.com\/avatar\/4b4e956e7f12ebfeb975388715d2dca23111bc7627ddfce235ff01ea60cae6c6?s=96&d=mm&r=g","caption":"Ronald Nitschke"},"description":"Vorsitzender der Reservistenkameradschaft Potsdam und stellvertretender Landesvorsitzender mit Aufgabenschwerpunkt Presse und Kommunikation sowie IT und Digitalisierung.","sameAs":["https:\/\/www.ronaldnitschke.de","https:\/\/www.facebook.com\/ronald.nitschke.9","https:\/\/www.linkedin.com\/in\/ronaldnitschke\/","https:\/\/x.com\/ResPotsdam"],"url":"https:\/\/www.reservisten-brandenburg.de\/sanitaetsdienst\/author\/ronald\/"}]}},"_links":{"self":[{"href":"https:\/\/www.reservisten-brandenburg.de\/sanitaetsdienst\/wp-json\/wp\/v2\/posts\/143","targetHints":{"allow":["GET"]}}],"collection":[{"href":"https:\/\/www.reservisten-brandenburg.de\/sanitaetsdienst\/wp-json\/wp\/v2\/posts"}],"about":[{"href":"https:\/\/www.reservisten-brandenburg.de\/sanitaetsdienst\/wp-json\/wp\/v2\/types\/post"}],"author":[{"embeddable":true,"href":"https:\/\/www.reservisten-brandenburg.de\/sanitaetsdienst\/wp-json\/wp\/v2\/users\/12"}],"replies":[{"embeddable":true,"href":"https:\/\/www.reservisten-brandenburg.de\/sanitaetsdienst\/wp-json\/wp\/v2\/comments?post=143"}],"version-history":[{"count":0,"href":"https:\/\/www.reservisten-brandenburg.de\/sanitaetsdienst\/wp-json\/wp\/v2\/posts\/143\/revisions"}],"wp:featuredmedia":[{"embeddable":true,"href":"https:\/\/www.reservisten-brandenburg.de\/sanitaetsdienst\/wp-json\/wp\/v2\/media\/47"}],"wp:attachment":[{"href":"https:\/\/www.reservisten-brandenburg.de\/sanitaetsdienst\/wp-json\/wp\/v2\/media?parent=143"}],"wp:term":[{"taxonomy":"category","embeddable":true,"href":"https:\/\/www.reservisten-brandenburg.de\/sanitaetsdienst\/wp-json\/wp\/v2\/categories?post=143"},{"taxonomy":"post_tag","embeddable":true,"href":"https:\/\/www.reservisten-brandenburg.de\/sanitaetsdienst\/wp-json\/wp\/v2\/tags?post=143"}],"curies":[{"name":"wp","href":"https:\/\/api.w.org\/{rel}","templated":true}]}}