{"id":93,"date":"2020-03-18T16:07:47","date_gmt":"2020-03-18T15:07:47","guid":{"rendered":"https:\/\/reservisten-brandenburg.de\/potsdam\/?p=93"},"modified":"2020-06-09T01:31:14","modified_gmt":"2020-06-08T23:31:14","slug":"corona-ausbildungsplanung-wird-angepasst","status":"publish","type":"post","link":"https:\/\/www.reservisten-brandenburg.de\/potsdam\/2020\/03\/18\/corona-ausbildungsplanung-wird-angepasst\/","title":{"rendered":"Corona: Ausbildungsplanung wird angepasst"},"content":{"rendered":"\n<p>Auf Grund der zunehmenden Verbreitung des Coronaviruses hat das <a href=\"https:\/\/www.reservisten-brandenburg.de\/die-landesgruppe\/partner\/landeskommando-brandenburg\/\">Landeskommando Brandenburg<\/a> alle dienstlichen Veranstaltungen (DVag) bis Ende April abgesagt. Damit werden die allgemeinen Empfehlungen zur Eind\u00e4mmung bzw. Verz\u00f6gerung der Pandemie umgesetzt. Dies betrifft die <a href=\"https:\/\/www.reservisten-brandenburg.de\/militaerische-ausbildung\/\">Ausbildungen in der freiwilligen Reservistenarbeit<\/a>, aber auch dienstliche Veranstaltungen und Reservedienste bei der Regionalen Unterst\u00fctzungs- und Sicherungskompanie Brandenburg.<\/p>\n\n\n\n<!--more-->\n\n\n\n<p>In der Landesgruppe f\u00fchrt dies zum Ausfall von acht DVags. Au\u00dferdem empfiehlt der Landesvorstand dringend auch auf die Durchf\u00fchrung der Verbandsveranstaltungen zu verzichten. Die Entscheidung dazu obliegt den Vorst\u00e4nden der entsprechenden <a href=\"https:\/\/www.reservistenkameradschaften.de\" target=\"_blank\" rel=\"noreferrer noopener\" aria-label=\"Gliederungen (\u00f6ffnet in neuem Tab)\">Gliederungen<\/a>. <\/p>\n\n\n\n<p>Der Ausfall der geplanten Veranstaltungen ist angesichts der Lage geboten, wirft aber auch die Planung der milit\u00e4rischen Ausbildung zur\u00fcck. Ziel war es St\u00fcck f\u00fcr St\u00fcck auf das Gefechtsschie\u00dfen bei Tag und Nacht am Ende das Jahres hinzuarbeiten, dass ein interessanter und fordernder H\u00f6hepunkt werden soll. <\/p>\n\n\n\n<p>An diesem Ziel soll festgehalten werden. Dazu arbeitet der <a href=\"https:\/\/www.reservisten-brandenburg.de\/die-landesgruppe\/landesvorstand\/\">Landesbeauftragte f\u00fcr milit\u00e4rische Ausbildung<\/a> bereits an einer Alternativplanung, um die Ausbildungen nachzuholen oder die Inhalte anderweitig zu vermitteln. Mit Wiedereinsetzen des \u00dcbungsbetriebes werden nun auch die Reservistenkameradschaften gefragt sein, milit\u00e4rische Grundf\u00e4higkeiten im Rahmen ihrer M\u00f6glichkeiten zu vermitteln, um die zentralen Ausbildungen zu entlasten und zu erm\u00f6glichen.<\/p>\n\n\n\n<p>Die aktuellen Informationen zu den weiteren Planungen und den Entwicklungen in der Corona-Krise f\u00fcr die Reserve in Brandenburg finden Sie regelm\u00e4\u00dfig aktualisiert auf <a href=\"https:\/\/www.reservisten-brandenburg.de\/news\/\">dieser Webseite<\/a>.<\/p>\n","protected":false},"excerpt":{"rendered":"<p>Auf Grund der zunehmenden Verbreitung des Coronaviruses hat das Landeskommando Brandenburg alle dienstlichen Veranstaltungen (DVag) bis Ende April abgesagt. Damit werden die allgemeinen Empfehlungen zur Eind\u00e4mmung bzw. Verz\u00f6gerung der Pandemie [&hellip;]<\/p>\n","protected":false},"author":12,"featured_media":86,"comment_status":"open","ping_status":"open","sticky":false,"template":"","format":"standard","meta":{"footnotes":""},"categories":[172,27],"tags":[7,8,9,10,11],"class_list":["post-93","post","type-post","status-publish","format-standard","has-post-thumbnail","hentry","category-landesvorstand-verbandsarbeit","category-militaerische-ausbildung","tag-corona","tag-landesgruppe","tag-landesvorstand","tag-militaerische-ausbildung","tag-sicherungszug"],"yoast_head":"<!-- This site is optimized with the Yoast SEO plugin v27.5 - https:\/\/yoast.com\/product\/yoast-seo-wordpress\/ -->\n<title>Corona: Ausbildungsplanung wird angepasst - Reservistenkameradschaft Potsdam<\/title>\n<meta name=\"robots\" content=\"index, follow, max-snippet:-1, max-image-preview:large, max-video-preview:-1\" \/>\n<link rel=\"canonical\" href=\"https:\/\/reservisten-brandenburg.de\/blog\/2020\/03\/17\/corona-ausbildungsplanung-wird-angepasst\/\" \/>\n<meta property=\"og:locale\" content=\"de_DE\" \/>\n<meta property=\"og:type\" content=\"article\" \/>\n<meta property=\"og:title\" content=\"Corona: Ausbildungsplanung wird angepasst - Reservistenkameradschaft Potsdam\" \/>\n<meta property=\"og:description\" content=\"Auf Grund der zunehmenden Verbreitung des Coronaviruses hat das Landeskommando Brandenburg alle dienstlichen Veranstaltungen (DVag) bis Ende April abgesagt. Damit werden die allgemeinen Empfehlungen zur Eind\u00e4mmung bzw. Verz\u00f6gerung der Pandemie [&hellip;]\" \/>\n<meta property=\"og:url\" content=\"https:\/\/reservisten-brandenburg.de\/blog\/2020\/03\/17\/corona-ausbildungsplanung-wird-angepasst\/\" \/>\n<meta property=\"og:site_name\" content=\"Reservistenkameradschaft Potsdam\" \/>\n<meta property=\"article:publisher\" content=\"https:\/\/www.facebook.com\/rk.grosser.kurfuerst\/\" \/>\n<meta property=\"article:author\" content=\"https:\/\/www.facebook.com\/ronald.nitschke.9\" \/>\n<meta property=\"article:published_time\" content=\"2020-03-18T15:07:47+00:00\" \/>\n<meta property=\"article:modified_time\" content=\"2020-06-08T23:31:14+00:00\" \/>\n<meta property=\"og:image\" content=\"https:\/\/www.reservisten-brandenburg.de\/potsdam\/wp-content\/uploads\/sites\/3\/2020\/03\/corona_milita\u0308rische_Ausbildung_2.jpg\" \/>\n\t<meta property=\"og:image:width\" content=\"1600\" \/>\n\t<meta property=\"og:image:height\" content=\"900\" \/>\n\t<meta property=\"og:image:type\" content=\"image\/jpeg\" \/>\n<meta name=\"author\" content=\"Ronald Nitschke\" \/>\n<meta name=\"twitter:card\" content=\"summary_large_image\" \/>\n<meta name=\"twitter:creator\" content=\"@ResPotsdam\" \/>\n<meta name=\"twitter:site\" content=\"@ResPotsdam\" \/>\n<meta name=\"twitter:label1\" content=\"Verfasst von\" \/>\n\t<meta name=\"twitter:data1\" content=\"Ronald Nitschke\" \/>\n\t<meta name=\"twitter:label2\" content=\"Gesch\u00e4tzte Lesezeit\" \/>\n\t<meta name=\"twitter:data2\" content=\"1\u00a0Minute\" \/>\n<script type=\"application\/ld+json\" class=\"yoast-schema-graph\">{\"@context\":\"https:\\\/\\\/schema.org\",\"@graph\":[{\"@type\":\"Article\",\"@id\":\"https:\\\/\\\/reservisten-brandenburg.de\\\/blog\\\/2020\\\/03\\\/17\\\/corona-ausbildungsplanung-wird-angepasst\\\/#article\",\"isPartOf\":{\"@id\":\"https:\\\/\\\/www.reservisten-brandenburg.de\\\/potsdam\\\/2020\\\/03\\\/18\\\/corona-ausbildungsplanung-wird-angepasst\\\/\"},\"author\":{\"name\":\"Ronald Nitschke\",\"@id\":\"https:\\\/\\\/www.reservisten-brandenburg.de\\\/potsdam\\\/#\\\/schema\\\/person\\\/b99e21e3d546b3c5d8000a8c6369e917\"},\"headline\":\"Corona: Ausbildungsplanung wird angepasst\",\"datePublished\":\"2020-03-18T15:07:47+00:00\",\"dateModified\":\"2020-06-08T23:31:14+00:00\",\"mainEntityOfPage\":{\"@id\":\"https:\\\/\\\/www.reservisten-brandenburg.de\\\/potsdam\\\/2020\\\/03\\\/18\\\/corona-ausbildungsplanung-wird-angepasst\\\/\"},\"wordCount\":235,\"commentCount\":0,\"image\":{\"@id\":\"https:\\\/\\\/reservisten-brandenburg.de\\\/blog\\\/2020\\\/03\\\/17\\\/corona-ausbildungsplanung-wird-angepasst\\\/#primaryimage\"},\"thumbnailUrl\":\"https:\\\/\\\/www.reservisten-brandenburg.de\\\/potsdam\\\/wp-content\\\/uploads\\\/sites\\\/3\\\/2020\\\/03\\\/corona_milita\u0308rische_Ausbildung_2.jpg\",\"keywords\":[\"Corona\",\"Landesgruppe\",\"Landesvorstand\",\"Milit\u00e4rische Ausbildung\",\"Sicherungszug\"],\"articleSection\":[\"Landesvorstand\",\"Milit\u00e4rische Ausbildung\"],\"inLanguage\":\"de\",\"potentialAction\":[{\"@type\":\"CommentAction\",\"name\":\"Comment\",\"target\":[\"https:\\\/\\\/reservisten-brandenburg.de\\\/blog\\\/2020\\\/03\\\/17\\\/corona-ausbildungsplanung-wird-angepasst\\\/#respond\"]}]},{\"@type\":\"WebPage\",\"@id\":\"https:\\\/\\\/www.reservisten-brandenburg.de\\\/potsdam\\\/2020\\\/03\\\/18\\\/corona-ausbildungsplanung-wird-angepasst\\\/\",\"url\":\"https:\\\/\\\/reservisten-brandenburg.de\\\/blog\\\/2020\\\/03\\\/17\\\/corona-ausbildungsplanung-wird-angepasst\\\/\",\"name\":\"Corona: Ausbildungsplanung wird angepasst - Reservistenkameradschaft Potsdam\",\"isPartOf\":{\"@id\":\"https:\\\/\\\/www.reservisten-brandenburg.de\\\/potsdam\\\/#website\"},\"primaryImageOfPage\":{\"@id\":\"https:\\\/\\\/reservisten-brandenburg.de\\\/blog\\\/2020\\\/03\\\/17\\\/corona-ausbildungsplanung-wird-angepasst\\\/#primaryimage\"},\"image\":{\"@id\":\"https:\\\/\\\/reservisten-brandenburg.de\\\/blog\\\/2020\\\/03\\\/17\\\/corona-ausbildungsplanung-wird-angepasst\\\/#primaryimage\"},\"thumbnailUrl\":\"https:\\\/\\\/www.reservisten-brandenburg.de\\\/potsdam\\\/wp-content\\\/uploads\\\/sites\\\/3\\\/2020\\\/03\\\/corona_milita\u0308rische_Ausbildung_2.jpg\",\"datePublished\":\"2020-03-18T15:07:47+00:00\",\"dateModified\":\"2020-06-08T23:31:14+00:00\",\"author\":{\"@id\":\"https:\\\/\\\/www.reservisten-brandenburg.de\\\/potsdam\\\/#\\\/schema\\\/person\\\/b99e21e3d546b3c5d8000a8c6369e917\"},\"breadcrumb\":{\"@id\":\"https:\\\/\\\/reservisten-brandenburg.de\\\/blog\\\/2020\\\/03\\\/17\\\/corona-ausbildungsplanung-wird-angepasst\\\/#breadcrumb\"},\"inLanguage\":\"de\",\"potentialAction\":[{\"@type\":\"ReadAction\",\"target\":[\"https:\\\/\\\/reservisten-brandenburg.de\\\/blog\\\/2020\\\/03\\\/17\\\/corona-ausbildungsplanung-wird-angepasst\\\/\"]}]},{\"@type\":\"ImageObject\",\"inLanguage\":\"de\",\"@id\":\"https:\\\/\\\/reservisten-brandenburg.de\\\/blog\\\/2020\\\/03\\\/17\\\/corona-ausbildungsplanung-wird-angepasst\\\/#primaryimage\",\"url\":\"https:\\\/\\\/www.reservisten-brandenburg.de\\\/potsdam\\\/wp-content\\\/uploads\\\/sites\\\/3\\\/2020\\\/03\\\/corona_milita\u0308rische_Ausbildung_2.jpg\",\"contentUrl\":\"https:\\\/\\\/www.reservisten-brandenburg.de\\\/potsdam\\\/wp-content\\\/uploads\\\/sites\\\/3\\\/2020\\\/03\\\/corona_milita\u0308rische_Ausbildung_2.jpg\",\"width\":1600,\"height\":900},{\"@type\":\"BreadcrumbList\",\"@id\":\"https:\\\/\\\/reservisten-brandenburg.de\\\/blog\\\/2020\\\/03\\\/17\\\/corona-ausbildungsplanung-wird-angepasst\\\/#breadcrumb\",\"itemListElement\":[{\"@type\":\"ListItem\",\"position\":1,\"name\":\"Startseite\",\"item\":\"https:\\\/\\\/www.reservisten-brandenburg.de\\\/potsdam\\\/\"},{\"@type\":\"ListItem\",\"position\":2,\"name\":\"Corona: Ausbildungsplanung wird angepasst\"}]},{\"@type\":\"WebSite\",\"@id\":\"https:\\\/\\\/www.reservisten-brandenburg.de\\\/potsdam\\\/#website\",\"url\":\"https:\\\/\\\/www.reservisten-brandenburg.de\\\/potsdam\\\/\",\"name\":\"Reservistenkameradschaft Potsdam\",\"description\":\"Die Reserve in Potsdam\",\"potentialAction\":[{\"@type\":\"SearchAction\",\"target\":{\"@type\":\"EntryPoint\",\"urlTemplate\":\"https:\\\/\\\/www.reservisten-brandenburg.de\\\/potsdam\\\/?s={search_term_string}\"},\"query-input\":{\"@type\":\"PropertyValueSpecification\",\"valueRequired\":true,\"valueName\":\"search_term_string\"}}],\"inLanguage\":\"de\"},{\"@type\":\"Person\",\"@id\":\"https:\\\/\\\/www.reservisten-brandenburg.de\\\/potsdam\\\/#\\\/schema\\\/person\\\/b99e21e3d546b3c5d8000a8c6369e917\",\"name\":\"Ronald Nitschke\",\"image\":{\"@type\":\"ImageObject\",\"inLanguage\":\"de\",\"@id\":\"https:\\\/\\\/secure.gravatar.com\\\/avatar\\\/4b4e956e7f12ebfeb975388715d2dca23111bc7627ddfce235ff01ea60cae6c6?s=96&d=mm&r=g\",\"url\":\"https:\\\/\\\/secure.gravatar.com\\\/avatar\\\/4b4e956e7f12ebfeb975388715d2dca23111bc7627ddfce235ff01ea60cae6c6?s=96&d=mm&r=g\",\"contentUrl\":\"https:\\\/\\\/secure.gravatar.com\\\/avatar\\\/4b4e956e7f12ebfeb975388715d2dca23111bc7627ddfce235ff01ea60cae6c6?s=96&d=mm&r=g\",\"caption\":\"Ronald Nitschke\"},\"description\":\"Vorsitzender der Reservistenkameradschaft Potsdam und stellvertretender Landesvorsitzender mit Aufgabenschwerpunkt Presse und Kommunikation sowie IT und Digitalisierung.\",\"sameAs\":[\"https:\\\/\\\/www.ronaldnitschke.de\",\"https:\\\/\\\/www.facebook.com\\\/ronald.nitschke.9\",\"https:\\\/\\\/www.linkedin.com\\\/in\\\/ronaldnitschke\\\/\",\"https:\\\/\\\/x.com\\\/ResPotsdam\"],\"url\":\"https:\\\/\\\/www.reservisten-brandenburg.de\\\/potsdam\\\/author\\\/ronald\\\/\"}]}<\/script>\n<!-- \/ Yoast SEO plugin. -->","yoast_head_json":{"title":"Corona: Ausbildungsplanung wird angepasst - Reservistenkameradschaft Potsdam","robots":{"index":"index","follow":"follow","max-snippet":"max-snippet:-1","max-image-preview":"max-image-preview:large","max-video-preview":"max-video-preview:-1"},"canonical":"https:\/\/reservisten-brandenburg.de\/blog\/2020\/03\/17\/corona-ausbildungsplanung-wird-angepasst\/","og_locale":"de_DE","og_type":"article","og_title":"Corona: Ausbildungsplanung wird angepasst - Reservistenkameradschaft Potsdam","og_description":"Auf Grund der zunehmenden Verbreitung des Coronaviruses hat das Landeskommando Brandenburg alle dienstlichen Veranstaltungen (DVag) bis Ende April abgesagt. Damit werden die allgemeinen Empfehlungen zur Eind\u00e4mmung bzw. Verz\u00f6gerung der Pandemie [&hellip;]","og_url":"https:\/\/reservisten-brandenburg.de\/blog\/2020\/03\/17\/corona-ausbildungsplanung-wird-angepasst\/","og_site_name":"Reservistenkameradschaft Potsdam","article_publisher":"https:\/\/www.facebook.com\/rk.grosser.kurfuerst\/","article_author":"https:\/\/www.facebook.com\/ronald.nitschke.9","article_published_time":"2020-03-18T15:07:47+00:00","article_modified_time":"2020-06-08T23:31:14+00:00","og_image":[{"width":1600,"height":900,"url":"https:\/\/www.reservisten-brandenburg.de\/potsdam\/wp-content\/uploads\/sites\/3\/2020\/03\/corona_milita\u0308rische_Ausbildung_2.jpg","type":"image\/jpeg"}],"author":"Ronald Nitschke","twitter_card":"summary_large_image","twitter_creator":"@ResPotsdam","twitter_site":"@ResPotsdam","twitter_misc":{"Verfasst von":"Ronald Nitschke","Gesch\u00e4tzte Lesezeit":"1\u00a0Minute"},"schema":{"@context":"https:\/\/schema.org","@graph":[{"@type":"Article","@id":"https:\/\/reservisten-brandenburg.de\/blog\/2020\/03\/17\/corona-ausbildungsplanung-wird-angepasst\/#article","isPartOf":{"@id":"https:\/\/www.reservisten-brandenburg.de\/potsdam\/2020\/03\/18\/corona-ausbildungsplanung-wird-angepasst\/"},"author":{"name":"Ronald Nitschke","@id":"https:\/\/www.reservisten-brandenburg.de\/potsdam\/#\/schema\/person\/b99e21e3d546b3c5d8000a8c6369e917"},"headline":"Corona: Ausbildungsplanung wird angepasst","datePublished":"2020-03-18T15:07:47+00:00","dateModified":"2020-06-08T23:31:14+00:00","mainEntityOfPage":{"@id":"https:\/\/www.reservisten-brandenburg.de\/potsdam\/2020\/03\/18\/corona-ausbildungsplanung-wird-angepasst\/"},"wordCount":235,"commentCount":0,"image":{"@id":"https:\/\/reservisten-brandenburg.de\/blog\/2020\/03\/17\/corona-ausbildungsplanung-wird-angepasst\/#primaryimage"},"thumbnailUrl":"https:\/\/www.reservisten-brandenburg.de\/potsdam\/wp-content\/uploads\/sites\/3\/2020\/03\/corona_milita\u0308rische_Ausbildung_2.jpg","keywords":["Corona","Landesgruppe","Landesvorstand","Milit\u00e4rische Ausbildung","Sicherungszug"],"articleSection":["Landesvorstand","Milit\u00e4rische Ausbildung"],"inLanguage":"de","potentialAction":[{"@type":"CommentAction","name":"Comment","target":["https:\/\/reservisten-brandenburg.de\/blog\/2020\/03\/17\/corona-ausbildungsplanung-wird-angepasst\/#respond"]}]},{"@type":"WebPage","@id":"https:\/\/www.reservisten-brandenburg.de\/potsdam\/2020\/03\/18\/corona-ausbildungsplanung-wird-angepasst\/","url":"https:\/\/reservisten-brandenburg.de\/blog\/2020\/03\/17\/corona-ausbildungsplanung-wird-angepasst\/","name":"Corona: Ausbildungsplanung wird angepasst - Reservistenkameradschaft Potsdam","isPartOf":{"@id":"https:\/\/www.reservisten-brandenburg.de\/potsdam\/#website"},"primaryImageOfPage":{"@id":"https:\/\/reservisten-brandenburg.de\/blog\/2020\/03\/17\/corona-ausbildungsplanung-wird-angepasst\/#primaryimage"},"image":{"@id":"https:\/\/reservisten-brandenburg.de\/blog\/2020\/03\/17\/corona-ausbildungsplanung-wird-angepasst\/#primaryimage"},"thumbnailUrl":"https:\/\/www.reservisten-brandenburg.de\/potsdam\/wp-content\/uploads\/sites\/3\/2020\/03\/corona_milita\u0308rische_Ausbildung_2.jpg","datePublished":"2020-03-18T15:07:47+00:00","dateModified":"2020-06-08T23:31:14+00:00","author":{"@id":"https:\/\/www.reservisten-brandenburg.de\/potsdam\/#\/schema\/person\/b99e21e3d546b3c5d8000a8c6369e917"},"breadcrumb":{"@id":"https:\/\/reservisten-brandenburg.de\/blog\/2020\/03\/17\/corona-ausbildungsplanung-wird-angepasst\/#breadcrumb"},"inLanguage":"de","potentialAction":[{"@type":"ReadAction","target":["https:\/\/reservisten-brandenburg.de\/blog\/2020\/03\/17\/corona-ausbildungsplanung-wird-angepasst\/"]}]},{"@type":"ImageObject","inLanguage":"de","@id":"https:\/\/reservisten-brandenburg.de\/blog\/2020\/03\/17\/corona-ausbildungsplanung-wird-angepasst\/#primaryimage","url":"https:\/\/www.reservisten-brandenburg.de\/potsdam\/wp-content\/uploads\/sites\/3\/2020\/03\/corona_milita\u0308rische_Ausbildung_2.jpg","contentUrl":"https:\/\/www.reservisten-brandenburg.de\/potsdam\/wp-content\/uploads\/sites\/3\/2020\/03\/corona_milita\u0308rische_Ausbildung_2.jpg","width":1600,"height":900},{"@type":"BreadcrumbList","@id":"https:\/\/reservisten-brandenburg.de\/blog\/2020\/03\/17\/corona-ausbildungsplanung-wird-angepasst\/#breadcrumb","itemListElement":[{"@type":"ListItem","position":1,"name":"Startseite","item":"https:\/\/www.reservisten-brandenburg.de\/potsdam\/"},{"@type":"ListItem","position":2,"name":"Corona: Ausbildungsplanung wird angepasst"}]},{"@type":"WebSite","@id":"https:\/\/www.reservisten-brandenburg.de\/potsdam\/#website","url":"https:\/\/www.reservisten-brandenburg.de\/potsdam\/","name":"Reservistenkameradschaft Potsdam","description":"Die Reserve in Potsdam","potentialAction":[{"@type":"SearchAction","target":{"@type":"EntryPoint","urlTemplate":"https:\/\/www.reservisten-brandenburg.de\/potsdam\/?s={search_term_string}"},"query-input":{"@type":"PropertyValueSpecification","valueRequired":true,"valueName":"search_term_string"}}],"inLanguage":"de"},{"@type":"Person","@id":"https:\/\/www.reservisten-brandenburg.de\/potsdam\/#\/schema\/person\/b99e21e3d546b3c5d8000a8c6369e917","name":"Ronald Nitschke","image":{"@type":"ImageObject","inLanguage":"de","@id":"https:\/\/secure.gravatar.com\/avatar\/4b4e956e7f12ebfeb975388715d2dca23111bc7627ddfce235ff01ea60cae6c6?s=96&d=mm&r=g","url":"https:\/\/secure.gravatar.com\/avatar\/4b4e956e7f12ebfeb975388715d2dca23111bc7627ddfce235ff01ea60cae6c6?s=96&d=mm&r=g","contentUrl":"https:\/\/secure.gravatar.com\/avatar\/4b4e956e7f12ebfeb975388715d2dca23111bc7627ddfce235ff01ea60cae6c6?s=96&d=mm&r=g","caption":"Ronald Nitschke"},"description":"Vorsitzender der Reservistenkameradschaft Potsdam und stellvertretender Landesvorsitzender mit Aufgabenschwerpunkt Presse und Kommunikation sowie IT und Digitalisierung.","sameAs":["https:\/\/www.ronaldnitschke.de","https:\/\/www.facebook.com\/ronald.nitschke.9","https:\/\/www.linkedin.com\/in\/ronaldnitschke\/","https:\/\/x.com\/ResPotsdam"],"url":"https:\/\/www.reservisten-brandenburg.de\/potsdam\/author\/ronald\/"}]}},"_links":{"self":[{"href":"https:\/\/www.reservisten-brandenburg.de\/potsdam\/wp-json\/wp\/v2\/posts\/93","targetHints":{"allow":["GET"]}}],"collection":[{"href":"https:\/\/www.reservisten-brandenburg.de\/potsdam\/wp-json\/wp\/v2\/posts"}],"about":[{"href":"https:\/\/www.reservisten-brandenburg.de\/potsdam\/wp-json\/wp\/v2\/types\/post"}],"author":[{"embeddable":true,"href":"https:\/\/www.reservisten-brandenburg.de\/potsdam\/wp-json\/wp\/v2\/users\/12"}],"replies":[{"embeddable":true,"href":"https:\/\/www.reservisten-brandenburg.de\/potsdam\/wp-json\/wp\/v2\/comments?post=93"}],"version-history":[{"count":0,"href":"https:\/\/www.reservisten-brandenburg.de\/potsdam\/wp-json\/wp\/v2\/posts\/93\/revisions"}],"wp:featuredmedia":[{"embeddable":true,"href":"https:\/\/www.reservisten-brandenburg.de\/potsdam\/wp-json\/wp\/v2\/media\/86"}],"wp:attachment":[{"href":"https:\/\/www.reservisten-brandenburg.de\/potsdam\/wp-json\/wp\/v2\/media?parent=93"}],"wp:term":[{"taxonomy":"category","embeddable":true,"href":"https:\/\/www.reservisten-brandenburg.de\/potsdam\/wp-json\/wp\/v2\/categories?post=93"},{"taxonomy":"post_tag","embeddable":true,"href":"https:\/\/www.reservisten-brandenburg.de\/potsdam\/wp-json\/wp\/v2\/tags?post=93"}],"curies":[{"name":"wp","href":"https:\/\/api.w.org\/{rel}","templated":true}]}}