{"id":9042,"date":"2026-04-20T19:24:12","date_gmt":"2026-04-20T17:24:12","guid":{"rendered":"https:\/\/www.reservisten-brandenburg.de\/potsdam\/2026\/04\/20\/brandenburg-marschiert-ein-zeichen-gegen-das-vergessen\/"},"modified":"2026-04-20T19:59:24","modified_gmt":"2026-04-20T17:59:24","slug":"brandenburg-marschiert-ein-zeichen-gegen-das-vergessen","status":"publish","type":"post","link":"https:\/\/www.reservisten-brandenburg.de\/potsdam\/2026\/04\/20\/brandenburg-marschiert-ein-zeichen-gegen-das-vergessen\/","title":{"rendered":"Brandenburg marschiert: Ein Zeichen gegen das Vergessen"},"content":{"rendered":"\n<p><strong>Sechzehn Jahre nach dem Karfreitagsgefecht in Afghanistan setzten Reservisten in ganz Brandenburg ein kraftvolles Zeichen der Solidarit\u00e4t. Unter dem Namen \u201e16K3\u201c organisierten verschiedene Kameradschaften Gedenkm\u00e4rsche, um den gefallenen und einsatzversehrten Soldaten der Bundeswehr Tribut zu zollen.<\/strong><\/p>\n\n\n\n<!--more-->\n\n\n\n<p>Der Karfreitag 2010 markiert einen der schwersten Tage in der Geschichte der Bundeswehr. Beim Karfreitagsgefecht in Afghanistan verloren Hauptgefreiter Martin Augustyniak, Hauptfeldwebel Nils Bruns und Stabsgefreiter Robert Hartert ihr Leben. In Erinnerung an ihr Opfer und zur Unterst\u00fctzung aller an K\u00f6rper und Seele Verwundeten mobilisierte die \u201eK3-Bewegung\u201c in diesem Jahr erneut Tausende Teilnehmer.<\/p>\n\n\n\n<p><strong>Fokus Potsdam: Geschlossenheit im Kleinen<\/strong><\/p>\n\n\n\n<p>In der Landeshauptstadt Potsdam versammelte sich eine engagierte Gruppe von \u00fcber 30 Teilnehmern, um den 16-Kilometer-Marsch zu absolvieren. Das Feld bot ein Bild der gelebten Kameradschaft: Neben Reservisten der RK Potsdam schulterten auch aktive Soldaten und zivile Teilnehmer ihre Rucks\u00e4cke. Diese Mischung unterstrich das Ziel der Veranstaltung, die Verbindung zwischen der Bundeswehr und der Gesellschaft zu festigen und das Bewusstsein f\u00fcr die Risiken des Dienstes im Bewusstsein der \u00d6ffentlichkeit zu halten.<\/p>\n\n\n\n<p><strong>Rekorde in Strausberg und Tradition in Lehnitz<\/strong><\/p>\n\n\n\n<p>Ein besonderes Ausrufezeichen setzte die <strong>RK Strausberg<\/strong>. Mit rund 450 Teilnehmern \u2013 darunter Bundeswehrangeh\u00f6rige, zivile G\u00e4ste und Mitglieder von Rettungsorganisationen \u2013 verzeichnete sie den bisher gr\u00f6\u00dften Marsch seit Beginn der K3-Bewegung am Standort. Ein Gedenkgottesdienst am Straussee verlieh der Veranstaltung eine besondere Tiefe und steigerte die \u00f6ffentliche Sichtbarkeit der Bundeswehr in der Bev\u00f6lkerung erheblich.<\/p>\n\n\n\n<p>Auch in Oberhavel zeigten die Reservisten Flagge. Die <strong>RK \u201eRoter Adler\u201c Lehnitz<\/strong> f\u00fchrte bereits ihre vierte Auflage des Marsches durch. 37 Teilnehmer im Alter von 7 bis 84 Jahren bew\u00e4ltigten die Strecke, viele traditionell mit 16 kg Marschgep\u00e4ck. Der Weg f\u00fchrte sie an symboltr\u00e4chtige Orte wie die Schleuse Lehnitz und das Gedenken am ehemaligen KZ-Au\u00dfenlager \u201eKlinkerwerk\u201c.<\/p>\n\n\n\n<p><strong>Hilfe, die ankommt<\/strong><\/p>\n\n\n\n<p>Das Engagement zahlt sich aus: Bundesweit nahmen \u00fcber 26.449 Menschen teil. Die dabei generierte Spendensumme von mindestens 221.152 Euro kommt wichtigen Zwecken zugute. In Brandenburg ist man sich einig: F\u00fcr 2027 ist der \u201e17K3\u201c bereits fest eingeplant.<\/p>\n","protected":false},"excerpt":{"rendered":"<p>Sechzehn Jahre nach dem Karfreitagsgefecht in Afghanistan setzten Reservisten in ganz Brandenburg ein kraftvolles Zeichen der Solidarit\u00e4t. Unter dem Namen \u201e16K3\u201c organisierten verschiedene Kameradschaften Gedenkm\u00e4rsche, um den gefallenen und einsatzversehrten [&hellip;]<\/p>\n","protected":false},"author":12,"featured_media":9043,"comment_status":"open","ping_status":"open","sticky":false,"template":"","format":"standard","meta":{"footnotes":""},"categories":[47,38,33,130,79,20,41],"tags":[],"class_list":["post-9042","post","type-post","status-publish","format-standard","has-post-thumbnail","hentry","category-gedenken","category-oeffentlichkeitsarbeit","category-reservistenkameradschaften","category-reservistenverband","category-rk-lehnitz","category-rk-potsdam","category-verbandsarbeit"],"yoast_head":"<!-- This site is optimized with the Yoast SEO plugin v27.4 - https:\/\/yoast.com\/product\/yoast-seo-wordpress\/ -->\n<title>Brandenburg marschiert: Ein Zeichen gegen das Vergessen - Reservistenkameradschaft Potsdam<\/title>\n<meta name=\"robots\" content=\"index, follow, max-snippet:-1, max-image-preview:large, max-video-preview:-1\" \/>\n<link rel=\"canonical\" href=\"https:\/\/www.reservisten-brandenburg.de\/blog\/2026\/04\/20\/brandenburg-marschiert-ein-zeichen-gegen-das-vergessen\/\" \/>\n<meta property=\"og:locale\" content=\"de_DE\" \/>\n<meta property=\"og:type\" content=\"article\" \/>\n<meta property=\"og:title\" content=\"Brandenburg marschiert: Ein Zeichen gegen das Vergessen - Reservistenkameradschaft Potsdam\" \/>\n<meta property=\"og:description\" content=\"Sechzehn Jahre nach dem Karfreitagsgefecht in Afghanistan setzten Reservisten in ganz Brandenburg ein kraftvolles Zeichen der Solidarit\u00e4t. Unter dem Namen \u201e16K3\u201c organisierten verschiedene Kameradschaften Gedenkm\u00e4rsche, um den gefallenen und einsatzversehrten [&hellip;]\" \/>\n<meta property=\"og:url\" content=\"https:\/\/www.reservisten-brandenburg.de\/blog\/2026\/04\/20\/brandenburg-marschiert-ein-zeichen-gegen-das-vergessen\/\" \/>\n<meta property=\"og:site_name\" content=\"Reservistenkameradschaft Potsdam\" \/>\n<meta property=\"article:publisher\" content=\"https:\/\/www.facebook.com\/rk.grosser.kurfuerst\/\" \/>\n<meta property=\"article:author\" content=\"https:\/\/www.facebook.com\/ronald.nitschke.9\" \/>\n<meta property=\"article:published_time\" content=\"2026-04-20T17:24:12+00:00\" \/>\n<meta property=\"article:modified_time\" content=\"2026-04-20T17:59:24+00:00\" \/>\n<meta property=\"og:image\" content=\"https:\/\/www.reservisten-brandenburg.de\/potsdam\/wp-content\/uploads\/sites\/3\/2026\/04\/16K3-Lehnitz-1600x900-1.jpg\" \/>\n\t<meta property=\"og:image:width\" content=\"1600\" \/>\n\t<meta property=\"og:image:height\" content=\"900\" \/>\n\t<meta property=\"og:image:type\" content=\"image\/jpeg\" \/>\n<meta name=\"author\" content=\"Ronald Nitschke\" \/>\n<meta name=\"twitter:card\" content=\"summary_large_image\" \/>\n<meta name=\"twitter:creator\" content=\"@ResPotsdam\" \/>\n<meta name=\"twitter:site\" content=\"@ResPotsdam\" \/>\n<meta name=\"twitter:label1\" content=\"Verfasst von\" \/>\n\t<meta name=\"twitter:data1\" content=\"Ronald Nitschke\" \/>\n\t<meta name=\"twitter:label2\" content=\"Gesch\u00e4tzte Lesezeit\" \/>\n\t<meta name=\"twitter:data2\" content=\"2\u00a0Minuten\" \/>\n<script type=\"application\/ld+json\" class=\"yoast-schema-graph\">{\"@context\":\"https:\\\/\\\/schema.org\",\"@graph\":[{\"@type\":\"Article\",\"@id\":\"https:\\\/\\\/www.reservisten-brandenburg.de\\\/blog\\\/2026\\\/04\\\/20\\\/brandenburg-marschiert-ein-zeichen-gegen-das-vergessen\\\/#article\",\"isPartOf\":{\"@id\":\"https:\\\/\\\/www.reservisten-brandenburg.de\\\/potsdam\\\/2026\\\/04\\\/20\\\/brandenburg-marschiert-ein-zeichen-gegen-das-vergessen\\\/\"},\"author\":{\"name\":\"Ronald Nitschke\",\"@id\":\"https:\\\/\\\/www.reservisten-brandenburg.de\\\/potsdam\\\/#\\\/schema\\\/person\\\/b99e21e3d546b3c5d8000a8c6369e917\"},\"headline\":\"Brandenburg marschiert: Ein Zeichen gegen das Vergessen\",\"datePublished\":\"2026-04-20T17:24:12+00:00\",\"dateModified\":\"2026-04-20T17:59:24+00:00\",\"mainEntityOfPage\":{\"@id\":\"https:\\\/\\\/www.reservisten-brandenburg.de\\\/potsdam\\\/2026\\\/04\\\/20\\\/brandenburg-marschiert-ein-zeichen-gegen-das-vergessen\\\/\"},\"wordCount\":336,\"commentCount\":0,\"image\":{\"@id\":\"https:\\\/\\\/www.reservisten-brandenburg.de\\\/blog\\\/2026\\\/04\\\/20\\\/brandenburg-marschiert-ein-zeichen-gegen-das-vergessen\\\/#primaryimage\"},\"thumbnailUrl\":\"https:\\\/\\\/www.reservisten-brandenburg.de\\\/potsdam\\\/wp-content\\\/uploads\\\/sites\\\/3\\\/2026\\\/04\\\/16K3-Lehnitz-1600x900-1.jpg\",\"articleSection\":[\"Gedenken\",\"\u00d6ffentlichkeitsarbeit\",\"Reservistenkameradschaften\",\"Reservistenverband\",\"RK Lehnitz\",\"RK Potsdam\",\"Verbandsarbeit\"],\"inLanguage\":\"de\",\"potentialAction\":[{\"@type\":\"CommentAction\",\"name\":\"Comment\",\"target\":[\"https:\\\/\\\/www.reservisten-brandenburg.de\\\/blog\\\/2026\\\/04\\\/20\\\/brandenburg-marschiert-ein-zeichen-gegen-das-vergessen\\\/#respond\"]}]},{\"@type\":\"WebPage\",\"@id\":\"https:\\\/\\\/www.reservisten-brandenburg.de\\\/potsdam\\\/2026\\\/04\\\/20\\\/brandenburg-marschiert-ein-zeichen-gegen-das-vergessen\\\/\",\"url\":\"https:\\\/\\\/www.reservisten-brandenburg.de\\\/blog\\\/2026\\\/04\\\/20\\\/brandenburg-marschiert-ein-zeichen-gegen-das-vergessen\\\/\",\"name\":\"Brandenburg marschiert: Ein Zeichen gegen das Vergessen - Reservistenkameradschaft Potsdam\",\"isPartOf\":{\"@id\":\"https:\\\/\\\/www.reservisten-brandenburg.de\\\/potsdam\\\/#website\"},\"primaryImageOfPage\":{\"@id\":\"https:\\\/\\\/www.reservisten-brandenburg.de\\\/blog\\\/2026\\\/04\\\/20\\\/brandenburg-marschiert-ein-zeichen-gegen-das-vergessen\\\/#primaryimage\"},\"image\":{\"@id\":\"https:\\\/\\\/www.reservisten-brandenburg.de\\\/blog\\\/2026\\\/04\\\/20\\\/brandenburg-marschiert-ein-zeichen-gegen-das-vergessen\\\/#primaryimage\"},\"thumbnailUrl\":\"https:\\\/\\\/www.reservisten-brandenburg.de\\\/potsdam\\\/wp-content\\\/uploads\\\/sites\\\/3\\\/2026\\\/04\\\/16K3-Lehnitz-1600x900-1.jpg\",\"datePublished\":\"2026-04-20T17:24:12+00:00\",\"dateModified\":\"2026-04-20T17:59:24+00:00\",\"author\":{\"@id\":\"https:\\\/\\\/www.reservisten-brandenburg.de\\\/potsdam\\\/#\\\/schema\\\/person\\\/b99e21e3d546b3c5d8000a8c6369e917\"},\"breadcrumb\":{\"@id\":\"https:\\\/\\\/www.reservisten-brandenburg.de\\\/blog\\\/2026\\\/04\\\/20\\\/brandenburg-marschiert-ein-zeichen-gegen-das-vergessen\\\/#breadcrumb\"},\"inLanguage\":\"de\",\"potentialAction\":[{\"@type\":\"ReadAction\",\"target\":[\"https:\\\/\\\/www.reservisten-brandenburg.de\\\/blog\\\/2026\\\/04\\\/20\\\/brandenburg-marschiert-ein-zeichen-gegen-das-vergessen\\\/\"]}]},{\"@type\":\"ImageObject\",\"inLanguage\":\"de\",\"@id\":\"https:\\\/\\\/www.reservisten-brandenburg.de\\\/blog\\\/2026\\\/04\\\/20\\\/brandenburg-marschiert-ein-zeichen-gegen-das-vergessen\\\/#primaryimage\",\"url\":\"https:\\\/\\\/www.reservisten-brandenburg.de\\\/potsdam\\\/wp-content\\\/uploads\\\/sites\\\/3\\\/2026\\\/04\\\/16K3-Lehnitz-1600x900-1.jpg\",\"contentUrl\":\"https:\\\/\\\/www.reservisten-brandenburg.de\\\/potsdam\\\/wp-content\\\/uploads\\\/sites\\\/3\\\/2026\\\/04\\\/16K3-Lehnitz-1600x900-1.jpg\",\"width\":1600,\"height\":900},{\"@type\":\"BreadcrumbList\",\"@id\":\"https:\\\/\\\/www.reservisten-brandenburg.de\\\/blog\\\/2026\\\/04\\\/20\\\/brandenburg-marschiert-ein-zeichen-gegen-das-vergessen\\\/#breadcrumb\",\"itemListElement\":[{\"@type\":\"ListItem\",\"position\":1,\"name\":\"Startseite\",\"item\":\"https:\\\/\\\/www.reservisten-brandenburg.de\\\/potsdam\\\/\"},{\"@type\":\"ListItem\",\"position\":2,\"name\":\"Brandenburg marschiert: Ein Zeichen gegen das Vergessen\"}]},{\"@type\":\"WebSite\",\"@id\":\"https:\\\/\\\/www.reservisten-brandenburg.de\\\/potsdam\\\/#website\",\"url\":\"https:\\\/\\\/www.reservisten-brandenburg.de\\\/potsdam\\\/\",\"name\":\"Reservistenkameradschaft Potsdam\",\"description\":\"Die Reserve in Potsdam\",\"potentialAction\":[{\"@type\":\"SearchAction\",\"target\":{\"@type\":\"EntryPoint\",\"urlTemplate\":\"https:\\\/\\\/www.reservisten-brandenburg.de\\\/potsdam\\\/?s={search_term_string}\"},\"query-input\":{\"@type\":\"PropertyValueSpecification\",\"valueRequired\":true,\"valueName\":\"search_term_string\"}}],\"inLanguage\":\"de\"},{\"@type\":\"Person\",\"@id\":\"https:\\\/\\\/www.reservisten-brandenburg.de\\\/potsdam\\\/#\\\/schema\\\/person\\\/b99e21e3d546b3c5d8000a8c6369e917\",\"name\":\"Ronald Nitschke\",\"image\":{\"@type\":\"ImageObject\",\"inLanguage\":\"de\",\"@id\":\"https:\\\/\\\/secure.gravatar.com\\\/avatar\\\/4b4e956e7f12ebfeb975388715d2dca23111bc7627ddfce235ff01ea60cae6c6?s=96&d=mm&r=g\",\"url\":\"https:\\\/\\\/secure.gravatar.com\\\/avatar\\\/4b4e956e7f12ebfeb975388715d2dca23111bc7627ddfce235ff01ea60cae6c6?s=96&d=mm&r=g\",\"contentUrl\":\"https:\\\/\\\/secure.gravatar.com\\\/avatar\\\/4b4e956e7f12ebfeb975388715d2dca23111bc7627ddfce235ff01ea60cae6c6?s=96&d=mm&r=g\",\"caption\":\"Ronald Nitschke\"},\"description\":\"Vorsitzender der Reservistenkameradschaft Potsdam und stellvertretender Landesvorsitzender mit Aufgabenschwerpunkt Presse und Kommunikation sowie IT und Digitalisierung.\",\"sameAs\":[\"https:\\\/\\\/www.ronaldnitschke.de\",\"https:\\\/\\\/www.facebook.com\\\/ronald.nitschke.9\",\"https:\\\/\\\/www.linkedin.com\\\/in\\\/ronaldnitschke\\\/\",\"https:\\\/\\\/x.com\\\/ResPotsdam\"],\"url\":\"https:\\\/\\\/www.reservisten-brandenburg.de\\\/potsdam\\\/author\\\/ronald\\\/\"}]}<\/script>\n<!-- \/ Yoast SEO plugin. -->","yoast_head_json":{"title":"Brandenburg marschiert: Ein Zeichen gegen das Vergessen - Reservistenkameradschaft Potsdam","robots":{"index":"index","follow":"follow","max-snippet":"max-snippet:-1","max-image-preview":"max-image-preview:large","max-video-preview":"max-video-preview:-1"},"canonical":"https:\/\/www.reservisten-brandenburg.de\/blog\/2026\/04\/20\/brandenburg-marschiert-ein-zeichen-gegen-das-vergessen\/","og_locale":"de_DE","og_type":"article","og_title":"Brandenburg marschiert: Ein Zeichen gegen das Vergessen - Reservistenkameradschaft Potsdam","og_description":"Sechzehn Jahre nach dem Karfreitagsgefecht in Afghanistan setzten Reservisten in ganz Brandenburg ein kraftvolles Zeichen der Solidarit\u00e4t. Unter dem Namen \u201e16K3\u201c organisierten verschiedene Kameradschaften Gedenkm\u00e4rsche, um den gefallenen und einsatzversehrten [&hellip;]","og_url":"https:\/\/www.reservisten-brandenburg.de\/blog\/2026\/04\/20\/brandenburg-marschiert-ein-zeichen-gegen-das-vergessen\/","og_site_name":"Reservistenkameradschaft Potsdam","article_publisher":"https:\/\/www.facebook.com\/rk.grosser.kurfuerst\/","article_author":"https:\/\/www.facebook.com\/ronald.nitschke.9","article_published_time":"2026-04-20T17:24:12+00:00","article_modified_time":"2026-04-20T17:59:24+00:00","og_image":[{"width":1600,"height":900,"url":"https:\/\/www.reservisten-brandenburg.de\/potsdam\/wp-content\/uploads\/sites\/3\/2026\/04\/16K3-Lehnitz-1600x900-1.jpg","type":"image\/jpeg"}],"author":"Ronald Nitschke","twitter_card":"summary_large_image","twitter_creator":"@ResPotsdam","twitter_site":"@ResPotsdam","twitter_misc":{"Verfasst von":"Ronald Nitschke","Gesch\u00e4tzte Lesezeit":"2\u00a0Minuten"},"schema":{"@context":"https:\/\/schema.org","@graph":[{"@type":"Article","@id":"https:\/\/www.reservisten-brandenburg.de\/blog\/2026\/04\/20\/brandenburg-marschiert-ein-zeichen-gegen-das-vergessen\/#article","isPartOf":{"@id":"https:\/\/www.reservisten-brandenburg.de\/potsdam\/2026\/04\/20\/brandenburg-marschiert-ein-zeichen-gegen-das-vergessen\/"},"author":{"name":"Ronald Nitschke","@id":"https:\/\/www.reservisten-brandenburg.de\/potsdam\/#\/schema\/person\/b99e21e3d546b3c5d8000a8c6369e917"},"headline":"Brandenburg marschiert: Ein Zeichen gegen das Vergessen","datePublished":"2026-04-20T17:24:12+00:00","dateModified":"2026-04-20T17:59:24+00:00","mainEntityOfPage":{"@id":"https:\/\/www.reservisten-brandenburg.de\/potsdam\/2026\/04\/20\/brandenburg-marschiert-ein-zeichen-gegen-das-vergessen\/"},"wordCount":336,"commentCount":0,"image":{"@id":"https:\/\/www.reservisten-brandenburg.de\/blog\/2026\/04\/20\/brandenburg-marschiert-ein-zeichen-gegen-das-vergessen\/#primaryimage"},"thumbnailUrl":"https:\/\/www.reservisten-brandenburg.de\/potsdam\/wp-content\/uploads\/sites\/3\/2026\/04\/16K3-Lehnitz-1600x900-1.jpg","articleSection":["Gedenken","\u00d6ffentlichkeitsarbeit","Reservistenkameradschaften","Reservistenverband","RK Lehnitz","RK Potsdam","Verbandsarbeit"],"inLanguage":"de","potentialAction":[{"@type":"CommentAction","name":"Comment","target":["https:\/\/www.reservisten-brandenburg.de\/blog\/2026\/04\/20\/brandenburg-marschiert-ein-zeichen-gegen-das-vergessen\/#respond"]}]},{"@type":"WebPage","@id":"https:\/\/www.reservisten-brandenburg.de\/potsdam\/2026\/04\/20\/brandenburg-marschiert-ein-zeichen-gegen-das-vergessen\/","url":"https:\/\/www.reservisten-brandenburg.de\/blog\/2026\/04\/20\/brandenburg-marschiert-ein-zeichen-gegen-das-vergessen\/","name":"Brandenburg marschiert: Ein Zeichen gegen das Vergessen - Reservistenkameradschaft Potsdam","isPartOf":{"@id":"https:\/\/www.reservisten-brandenburg.de\/potsdam\/#website"},"primaryImageOfPage":{"@id":"https:\/\/www.reservisten-brandenburg.de\/blog\/2026\/04\/20\/brandenburg-marschiert-ein-zeichen-gegen-das-vergessen\/#primaryimage"},"image":{"@id":"https:\/\/www.reservisten-brandenburg.de\/blog\/2026\/04\/20\/brandenburg-marschiert-ein-zeichen-gegen-das-vergessen\/#primaryimage"},"thumbnailUrl":"https:\/\/www.reservisten-brandenburg.de\/potsdam\/wp-content\/uploads\/sites\/3\/2026\/04\/16K3-Lehnitz-1600x900-1.jpg","datePublished":"2026-04-20T17:24:12+00:00","dateModified":"2026-04-20T17:59:24+00:00","author":{"@id":"https:\/\/www.reservisten-brandenburg.de\/potsdam\/#\/schema\/person\/b99e21e3d546b3c5d8000a8c6369e917"},"breadcrumb":{"@id":"https:\/\/www.reservisten-brandenburg.de\/blog\/2026\/04\/20\/brandenburg-marschiert-ein-zeichen-gegen-das-vergessen\/#breadcrumb"},"inLanguage":"de","potentialAction":[{"@type":"ReadAction","target":["https:\/\/www.reservisten-brandenburg.de\/blog\/2026\/04\/20\/brandenburg-marschiert-ein-zeichen-gegen-das-vergessen\/"]}]},{"@type":"ImageObject","inLanguage":"de","@id":"https:\/\/www.reservisten-brandenburg.de\/blog\/2026\/04\/20\/brandenburg-marschiert-ein-zeichen-gegen-das-vergessen\/#primaryimage","url":"https:\/\/www.reservisten-brandenburg.de\/potsdam\/wp-content\/uploads\/sites\/3\/2026\/04\/16K3-Lehnitz-1600x900-1.jpg","contentUrl":"https:\/\/www.reservisten-brandenburg.de\/potsdam\/wp-content\/uploads\/sites\/3\/2026\/04\/16K3-Lehnitz-1600x900-1.jpg","width":1600,"height":900},{"@type":"BreadcrumbList","@id":"https:\/\/www.reservisten-brandenburg.de\/blog\/2026\/04\/20\/brandenburg-marschiert-ein-zeichen-gegen-das-vergessen\/#breadcrumb","itemListElement":[{"@type":"ListItem","position":1,"name":"Startseite","item":"https:\/\/www.reservisten-brandenburg.de\/potsdam\/"},{"@type":"ListItem","position":2,"name":"Brandenburg marschiert: Ein Zeichen gegen das Vergessen"}]},{"@type":"WebSite","@id":"https:\/\/www.reservisten-brandenburg.de\/potsdam\/#website","url":"https:\/\/www.reservisten-brandenburg.de\/potsdam\/","name":"Reservistenkameradschaft Potsdam","description":"Die Reserve in Potsdam","potentialAction":[{"@type":"SearchAction","target":{"@type":"EntryPoint","urlTemplate":"https:\/\/www.reservisten-brandenburg.de\/potsdam\/?s={search_term_string}"},"query-input":{"@type":"PropertyValueSpecification","valueRequired":true,"valueName":"search_term_string"}}],"inLanguage":"de"},{"@type":"Person","@id":"https:\/\/www.reservisten-brandenburg.de\/potsdam\/#\/schema\/person\/b99e21e3d546b3c5d8000a8c6369e917","name":"Ronald Nitschke","image":{"@type":"ImageObject","inLanguage":"de","@id":"https:\/\/secure.gravatar.com\/avatar\/4b4e956e7f12ebfeb975388715d2dca23111bc7627ddfce235ff01ea60cae6c6?s=96&d=mm&r=g","url":"https:\/\/secure.gravatar.com\/avatar\/4b4e956e7f12ebfeb975388715d2dca23111bc7627ddfce235ff01ea60cae6c6?s=96&d=mm&r=g","contentUrl":"https:\/\/secure.gravatar.com\/avatar\/4b4e956e7f12ebfeb975388715d2dca23111bc7627ddfce235ff01ea60cae6c6?s=96&d=mm&r=g","caption":"Ronald Nitschke"},"description":"Vorsitzender der Reservistenkameradschaft Potsdam und stellvertretender Landesvorsitzender mit Aufgabenschwerpunkt Presse und Kommunikation sowie IT und Digitalisierung.","sameAs":["https:\/\/www.ronaldnitschke.de","https:\/\/www.facebook.com\/ronald.nitschke.9","https:\/\/www.linkedin.com\/in\/ronaldnitschke\/","https:\/\/x.com\/ResPotsdam"],"url":"https:\/\/www.reservisten-brandenburg.de\/potsdam\/author\/ronald\/"}]}},"_links":{"self":[{"href":"https:\/\/www.reservisten-brandenburg.de\/potsdam\/wp-json\/wp\/v2\/posts\/9042","targetHints":{"allow":["GET"]}}],"collection":[{"href":"https:\/\/www.reservisten-brandenburg.de\/potsdam\/wp-json\/wp\/v2\/posts"}],"about":[{"href":"https:\/\/www.reservisten-brandenburg.de\/potsdam\/wp-json\/wp\/v2\/types\/post"}],"author":[{"embeddable":true,"href":"https:\/\/www.reservisten-brandenburg.de\/potsdam\/wp-json\/wp\/v2\/users\/12"}],"replies":[{"embeddable":true,"href":"https:\/\/www.reservisten-brandenburg.de\/potsdam\/wp-json\/wp\/v2\/comments?post=9042"}],"version-history":[{"count":1,"href":"https:\/\/www.reservisten-brandenburg.de\/potsdam\/wp-json\/wp\/v2\/posts\/9042\/revisions"}],"predecessor-version":[{"id":9045,"href":"https:\/\/www.reservisten-brandenburg.de\/potsdam\/wp-json\/wp\/v2\/posts\/9042\/revisions\/9045"}],"wp:featuredmedia":[{"embeddable":true,"href":"https:\/\/www.reservisten-brandenburg.de\/potsdam\/wp-json\/wp\/v2\/media\/9043"}],"wp:attachment":[{"href":"https:\/\/www.reservisten-brandenburg.de\/potsdam\/wp-json\/wp\/v2\/media?parent=9042"}],"wp:term":[{"taxonomy":"category","embeddable":true,"href":"https:\/\/www.reservisten-brandenburg.de\/potsdam\/wp-json\/wp\/v2\/categories?post=9042"},{"taxonomy":"post_tag","embeddable":true,"href":"https:\/\/www.reservisten-brandenburg.de\/potsdam\/wp-json\/wp\/v2\/tags?post=9042"}],"curies":[{"name":"wp","href":"https:\/\/api.w.org\/{rel}","templated":true}]}}