{"id":7206,"date":"2020-04-08T10:34:11","date_gmt":"2020-04-08T08:34:11","guid":{"rendered":"https:\/\/www.reservisten-brandenburg.de\/potsdam\/?p=7206"},"modified":"2020-06-09T01:31:14","modified_gmt":"2020-06-08T23:31:14","slug":"corona-dvag-bis-1-juni-abgesagt","status":"publish","type":"post","link":"https:\/\/www.reservisten-brandenburg.de\/potsdam\/2020\/04\/08\/corona-dvag-bis-1-juni-abgesagt\/","title":{"rendered":"Corona: DVag bis 1. Juni abgesagt"},"content":{"rendered":"\n<h4 class=\"wp-block-heading\">Ausfall weiterer Dienstlicher Veranstaltungen<\/h4>\n\n\n\n<p>Das <a rel=\"noreferrer noopener\" href=\"https:\/\/www.reservisten-brandenburg.de\/die-landesgruppe\/partner\/landeskommando-brandenburg\/\" target=\"_blank\">Landeskommando Brandenburg<\/a> hat heute mitgeteilt, dass alle dienstlichen Veranstaltungen bis zum 1. Juni 2020 abgesagt werden. Die <a rel=\"noreferrer noopener\" href=\"\/events\/\" target=\"_blank\">Veranstaltungs\u00fcbersicht der Landesgruppe<\/a> ist entsprechend aktualisiert worden.<\/p>\n\n\n\n<p>Die Planung der <a href=\"https:\/\/www.reservisten-brandenburg.de\/potsdam\/reservistenkameradschaft\/\">Reservistenkameradschaft Potsdam<\/a> ist von den aktuellen \u00c4nderungen nicht betroffen. Die RK-Abende werden f\u00fcr den Zeitraum der Kontaktsperre virtuell mit MS Teams durchgef\u00fchrt.<\/p>\n\n\n\n<!--more-->\n\n\n\n<h4 class=\"wp-block-heading\">Jahresplanung wird angepasst<\/h4>\n\n\n\n<p>Die <a href=\"https:\/\/www.reservisten-brandenburg.de\/die-landesgruppe\/\" target=\"_blank\" rel=\"noreferrer noopener\">Landesgruppe Brandenburg<\/a> plant ein abgespecktes Ersatzausbildungsprogramm f\u00fcr das Jahresende. Dies geschieht in der Hoffnung, dass dann das gesellschaftliche Leben dann wieder in Fahrt gekommen ist. Trotz Reduzierungen bei zeitlichem Ansatz und Inhalt, sind interessante und fordernde Veranstaltungen geplant. Die neue Planung wird hier bekannt gegeben, wenn die entsprechenden Absprachen getroffen sind und die Planung belastbar ist.<\/p>\n\n\n\n<h4 class=\"wp-block-heading\">Taschenkarte Corona<\/h4>\n\n\n\n<p>Die <a rel=\"noreferrer noopener\" href=\"http:\/\/www.bundeswehr.de\" target=\"_blank\">Bundeswehr<\/a> hat eine Taschenkarte zur Corona-Krise erstellt. Diese stellen wir Euch hier zum Download zur Verf\u00fcgung. Die Taschenkarte enth\u00e4lt geb\u00fcndelt die wesentlichen Informationen zu den empfohlenen Verhaltensregeln zum Schutz gegen eine Infektion im pers\u00f6nlichen Umgang, aber auch beim Einsatz im Rahmen von Unterst\u00fctzungsleistungen.<\/p>\n\n\n\n<p>Download: <a href=\"https:\/\/www.reservisten-brandenburg.de\/wp-content\/uploads\/2020\/04\/Taschenkarte_COVID19_Bundeswehr.pdf\" target=\"_blank\" rel=\"noreferrer noopener\">Taschenkarte &#8216;COVID-19&#8217;<\/a><\/p>\n","protected":false},"excerpt":{"rendered":"<p>Ausfall weiterer Dienstlicher Veranstaltungen Das Landeskommando Brandenburg hat heute mitgeteilt, dass alle dienstlichen Veranstaltungen bis zum 1. Juni 2020 abgesagt werden. Die Veranstaltungs\u00fcbersicht der Landesgruppe ist entsprechend aktualisiert worden. Die [&hellip;]<\/p>\n","protected":false},"author":12,"featured_media":87,"comment_status":"open","ping_status":"open","sticky":false,"template":"","format":"standard","meta":{"footnotes":""},"categories":[169,172,130,40],"tags":[7,29],"class_list":["post-7206","post","type-post","status-publish","format-standard","has-post-thumbnail","hentry","category-bundeswehr-partner-verbandsarbeit","category-landesvorstand-verbandsarbeit","category-reservistenverband","category-veranstaltung","tag-corona","tag-reservistenverband"],"yoast_head":"<!-- This site is optimized with the Yoast SEO plugin v27.5 - https:\/\/yoast.com\/product\/yoast-seo-wordpress\/ -->\n<title>Corona: DVag bis 1. Juni abgesagt - Reservistenkameradschaft Potsdam<\/title>\n<meta name=\"robots\" content=\"index, follow, max-snippet:-1, max-image-preview:large, max-video-preview:-1\" \/>\n<link rel=\"canonical\" href=\"https:\/\/www.reservisten-brandenburg.de\/blog\/2020\/04\/08\/corona-dvag-bis-1-juni-abgesagt\/\" \/>\n<meta property=\"og:locale\" content=\"de_DE\" \/>\n<meta property=\"og:type\" content=\"article\" \/>\n<meta property=\"og:title\" content=\"Corona: DVag bis 1. Juni abgesagt - Reservistenkameradschaft Potsdam\" \/>\n<meta property=\"og:description\" content=\"Ausfall weiterer Dienstlicher Veranstaltungen Das Landeskommando Brandenburg hat heute mitgeteilt, dass alle dienstlichen Veranstaltungen bis zum 1. Juni 2020 abgesagt werden. Die Veranstaltungs\u00fcbersicht der Landesgruppe ist entsprechend aktualisiert worden. Die [&hellip;]\" \/>\n<meta property=\"og:url\" content=\"https:\/\/www.reservisten-brandenburg.de\/blog\/2020\/04\/08\/corona-dvag-bis-1-juni-abgesagt\/\" \/>\n<meta property=\"og:site_name\" content=\"Reservistenkameradschaft Potsdam\" \/>\n<meta property=\"article:publisher\" content=\"https:\/\/www.facebook.com\/rk.grosser.kurfuerst\/\" \/>\n<meta property=\"article:author\" content=\"https:\/\/www.facebook.com\/ronald.nitschke.9\" \/>\n<meta property=\"article:published_time\" content=\"2020-04-08T08:34:11+00:00\" \/>\n<meta property=\"article:modified_time\" content=\"2020-06-08T23:31:14+00:00\" \/>\n<meta property=\"og:image\" content=\"https:\/\/www.reservisten-brandenburg.de\/potsdam\/wp-content\/uploads\/sites\/3\/2020\/03\/corona_milita\u0308rische_Ausbildung.jpg\" \/>\n\t<meta property=\"og:image:width\" content=\"1600\" \/>\n\t<meta property=\"og:image:height\" content=\"900\" \/>\n\t<meta property=\"og:image:type\" content=\"image\/jpeg\" \/>\n<meta name=\"author\" content=\"Ronald Nitschke\" \/>\n<meta name=\"twitter:card\" content=\"summary_large_image\" \/>\n<meta name=\"twitter:creator\" content=\"@ResPotsdam\" \/>\n<meta name=\"twitter:site\" content=\"@ResPotsdam\" \/>\n<meta name=\"twitter:label1\" content=\"Verfasst von\" \/>\n\t<meta name=\"twitter:data1\" content=\"Ronald Nitschke\" \/>\n\t<meta name=\"twitter:label2\" content=\"Gesch\u00e4tzte Lesezeit\" \/>\n\t<meta name=\"twitter:data2\" content=\"1\u00a0Minute\" \/>\n<script type=\"application\/ld+json\" class=\"yoast-schema-graph\">{\"@context\":\"https:\\\/\\\/schema.org\",\"@graph\":[{\"@type\":\"Article\",\"@id\":\"https:\\\/\\\/www.reservisten-brandenburg.de\\\/blog\\\/2020\\\/04\\\/08\\\/corona-dvag-bis-1-juni-abgesagt\\\/#article\",\"isPartOf\":{\"@id\":\"https:\\\/\\\/www.reservisten-brandenburg.de\\\/potsdam\\\/2020\\\/04\\\/08\\\/corona-dvag-bis-1-juni-abgesagt\\\/\"},\"author\":{\"name\":\"Ronald Nitschke\",\"@id\":\"https:\\\/\\\/www.reservisten-brandenburg.de\\\/potsdam\\\/#\\\/schema\\\/person\\\/b99e21e3d546b3c5d8000a8c6369e917\"},\"headline\":\"Corona: DVag bis 1. Juni abgesagt\",\"datePublished\":\"2020-04-08T08:34:11+00:00\",\"dateModified\":\"2020-06-08T23:31:14+00:00\",\"mainEntityOfPage\":{\"@id\":\"https:\\\/\\\/www.reservisten-brandenburg.de\\\/potsdam\\\/2020\\\/04\\\/08\\\/corona-dvag-bis-1-juni-abgesagt\\\/\"},\"wordCount\":175,\"commentCount\":0,\"image\":{\"@id\":\"https:\\\/\\\/www.reservisten-brandenburg.de\\\/blog\\\/2020\\\/04\\\/08\\\/corona-dvag-bis-1-juni-abgesagt\\\/#primaryimage\"},\"thumbnailUrl\":\"https:\\\/\\\/www.reservisten-brandenburg.de\\\/potsdam\\\/wp-content\\\/uploads\\\/sites\\\/3\\\/2020\\\/03\\\/corona_milita\u0308rische_Ausbildung.jpg\",\"keywords\":[\"Corona\",\"Reservistenverband\"],\"articleSection\":[\"Bundeswehr\",\"Landesvorstand\",\"Reservistenverband\",\"Veranstaltung\"],\"inLanguage\":\"de\",\"potentialAction\":[{\"@type\":\"CommentAction\",\"name\":\"Comment\",\"target\":[\"https:\\\/\\\/www.reservisten-brandenburg.de\\\/blog\\\/2020\\\/04\\\/08\\\/corona-dvag-bis-1-juni-abgesagt\\\/#respond\"]}]},{\"@type\":\"WebPage\",\"@id\":\"https:\\\/\\\/www.reservisten-brandenburg.de\\\/potsdam\\\/2020\\\/04\\\/08\\\/corona-dvag-bis-1-juni-abgesagt\\\/\",\"url\":\"https:\\\/\\\/www.reservisten-brandenburg.de\\\/blog\\\/2020\\\/04\\\/08\\\/corona-dvag-bis-1-juni-abgesagt\\\/\",\"name\":\"Corona: DVag bis 1. Juni abgesagt - Reservistenkameradschaft Potsdam\",\"isPartOf\":{\"@id\":\"https:\\\/\\\/www.reservisten-brandenburg.de\\\/potsdam\\\/#website\"},\"primaryImageOfPage\":{\"@id\":\"https:\\\/\\\/www.reservisten-brandenburg.de\\\/blog\\\/2020\\\/04\\\/08\\\/corona-dvag-bis-1-juni-abgesagt\\\/#primaryimage\"},\"image\":{\"@id\":\"https:\\\/\\\/www.reservisten-brandenburg.de\\\/blog\\\/2020\\\/04\\\/08\\\/corona-dvag-bis-1-juni-abgesagt\\\/#primaryimage\"},\"thumbnailUrl\":\"https:\\\/\\\/www.reservisten-brandenburg.de\\\/potsdam\\\/wp-content\\\/uploads\\\/sites\\\/3\\\/2020\\\/03\\\/corona_milita\u0308rische_Ausbildung.jpg\",\"datePublished\":\"2020-04-08T08:34:11+00:00\",\"dateModified\":\"2020-06-08T23:31:14+00:00\",\"author\":{\"@id\":\"https:\\\/\\\/www.reservisten-brandenburg.de\\\/potsdam\\\/#\\\/schema\\\/person\\\/b99e21e3d546b3c5d8000a8c6369e917\"},\"breadcrumb\":{\"@id\":\"https:\\\/\\\/www.reservisten-brandenburg.de\\\/blog\\\/2020\\\/04\\\/08\\\/corona-dvag-bis-1-juni-abgesagt\\\/#breadcrumb\"},\"inLanguage\":\"de\",\"potentialAction\":[{\"@type\":\"ReadAction\",\"target\":[\"https:\\\/\\\/www.reservisten-brandenburg.de\\\/blog\\\/2020\\\/04\\\/08\\\/corona-dvag-bis-1-juni-abgesagt\\\/\"]}]},{\"@type\":\"ImageObject\",\"inLanguage\":\"de\",\"@id\":\"https:\\\/\\\/www.reservisten-brandenburg.de\\\/blog\\\/2020\\\/04\\\/08\\\/corona-dvag-bis-1-juni-abgesagt\\\/#primaryimage\",\"url\":\"https:\\\/\\\/www.reservisten-brandenburg.de\\\/potsdam\\\/wp-content\\\/uploads\\\/sites\\\/3\\\/2020\\\/03\\\/corona_milita\u0308rische_Ausbildung.jpg\",\"contentUrl\":\"https:\\\/\\\/www.reservisten-brandenburg.de\\\/potsdam\\\/wp-content\\\/uploads\\\/sites\\\/3\\\/2020\\\/03\\\/corona_milita\u0308rische_Ausbildung.jpg\",\"width\":1600,\"height\":900},{\"@type\":\"BreadcrumbList\",\"@id\":\"https:\\\/\\\/www.reservisten-brandenburg.de\\\/blog\\\/2020\\\/04\\\/08\\\/corona-dvag-bis-1-juni-abgesagt\\\/#breadcrumb\",\"itemListElement\":[{\"@type\":\"ListItem\",\"position\":1,\"name\":\"Startseite\",\"item\":\"https:\\\/\\\/www.reservisten-brandenburg.de\\\/potsdam\\\/\"},{\"@type\":\"ListItem\",\"position\":2,\"name\":\"Corona: DVag bis 1. Juni abgesagt\"}]},{\"@type\":\"WebSite\",\"@id\":\"https:\\\/\\\/www.reservisten-brandenburg.de\\\/potsdam\\\/#website\",\"url\":\"https:\\\/\\\/www.reservisten-brandenburg.de\\\/potsdam\\\/\",\"name\":\"Reservistenkameradschaft Potsdam\",\"description\":\"Die Reserve in Potsdam\",\"potentialAction\":[{\"@type\":\"SearchAction\",\"target\":{\"@type\":\"EntryPoint\",\"urlTemplate\":\"https:\\\/\\\/www.reservisten-brandenburg.de\\\/potsdam\\\/?s={search_term_string}\"},\"query-input\":{\"@type\":\"PropertyValueSpecification\",\"valueRequired\":true,\"valueName\":\"search_term_string\"}}],\"inLanguage\":\"de\"},{\"@type\":\"Person\",\"@id\":\"https:\\\/\\\/www.reservisten-brandenburg.de\\\/potsdam\\\/#\\\/schema\\\/person\\\/b99e21e3d546b3c5d8000a8c6369e917\",\"name\":\"Ronald Nitschke\",\"image\":{\"@type\":\"ImageObject\",\"inLanguage\":\"de\",\"@id\":\"https:\\\/\\\/secure.gravatar.com\\\/avatar\\\/4b4e956e7f12ebfeb975388715d2dca23111bc7627ddfce235ff01ea60cae6c6?s=96&d=mm&r=g\",\"url\":\"https:\\\/\\\/secure.gravatar.com\\\/avatar\\\/4b4e956e7f12ebfeb975388715d2dca23111bc7627ddfce235ff01ea60cae6c6?s=96&d=mm&r=g\",\"contentUrl\":\"https:\\\/\\\/secure.gravatar.com\\\/avatar\\\/4b4e956e7f12ebfeb975388715d2dca23111bc7627ddfce235ff01ea60cae6c6?s=96&d=mm&r=g\",\"caption\":\"Ronald Nitschke\"},\"description\":\"Vorsitzender der Reservistenkameradschaft Potsdam und stellvertretender Landesvorsitzender mit Aufgabenschwerpunkt Presse und Kommunikation sowie IT und Digitalisierung.\",\"sameAs\":[\"https:\\\/\\\/www.ronaldnitschke.de\",\"https:\\\/\\\/www.facebook.com\\\/ronald.nitschke.9\",\"https:\\\/\\\/www.linkedin.com\\\/in\\\/ronaldnitschke\\\/\",\"https:\\\/\\\/x.com\\\/ResPotsdam\"],\"url\":\"https:\\\/\\\/www.reservisten-brandenburg.de\\\/potsdam\\\/author\\\/ronald\\\/\"}]}<\/script>\n<!-- \/ Yoast SEO plugin. -->","yoast_head_json":{"title":"Corona: DVag bis 1. Juni abgesagt - Reservistenkameradschaft Potsdam","robots":{"index":"index","follow":"follow","max-snippet":"max-snippet:-1","max-image-preview":"max-image-preview:large","max-video-preview":"max-video-preview:-1"},"canonical":"https:\/\/www.reservisten-brandenburg.de\/blog\/2020\/04\/08\/corona-dvag-bis-1-juni-abgesagt\/","og_locale":"de_DE","og_type":"article","og_title":"Corona: DVag bis 1. Juni abgesagt - Reservistenkameradschaft Potsdam","og_description":"Ausfall weiterer Dienstlicher Veranstaltungen Das Landeskommando Brandenburg hat heute mitgeteilt, dass alle dienstlichen Veranstaltungen bis zum 1. Juni 2020 abgesagt werden. Die Veranstaltungs\u00fcbersicht der Landesgruppe ist entsprechend aktualisiert worden. Die [&hellip;]","og_url":"https:\/\/www.reservisten-brandenburg.de\/blog\/2020\/04\/08\/corona-dvag-bis-1-juni-abgesagt\/","og_site_name":"Reservistenkameradschaft Potsdam","article_publisher":"https:\/\/www.facebook.com\/rk.grosser.kurfuerst\/","article_author":"https:\/\/www.facebook.com\/ronald.nitschke.9","article_published_time":"2020-04-08T08:34:11+00:00","article_modified_time":"2020-06-08T23:31:14+00:00","og_image":[{"width":1600,"height":900,"url":"https:\/\/www.reservisten-brandenburg.de\/potsdam\/wp-content\/uploads\/sites\/3\/2020\/03\/corona_milita\u0308rische_Ausbildung.jpg","type":"image\/jpeg"}],"author":"Ronald Nitschke","twitter_card":"summary_large_image","twitter_creator":"@ResPotsdam","twitter_site":"@ResPotsdam","twitter_misc":{"Verfasst von":"Ronald Nitschke","Gesch\u00e4tzte Lesezeit":"1\u00a0Minute"},"schema":{"@context":"https:\/\/schema.org","@graph":[{"@type":"Article","@id":"https:\/\/www.reservisten-brandenburg.de\/blog\/2020\/04\/08\/corona-dvag-bis-1-juni-abgesagt\/#article","isPartOf":{"@id":"https:\/\/www.reservisten-brandenburg.de\/potsdam\/2020\/04\/08\/corona-dvag-bis-1-juni-abgesagt\/"},"author":{"name":"Ronald Nitschke","@id":"https:\/\/www.reservisten-brandenburg.de\/potsdam\/#\/schema\/person\/b99e21e3d546b3c5d8000a8c6369e917"},"headline":"Corona: DVag bis 1. Juni abgesagt","datePublished":"2020-04-08T08:34:11+00:00","dateModified":"2020-06-08T23:31:14+00:00","mainEntityOfPage":{"@id":"https:\/\/www.reservisten-brandenburg.de\/potsdam\/2020\/04\/08\/corona-dvag-bis-1-juni-abgesagt\/"},"wordCount":175,"commentCount":0,"image":{"@id":"https:\/\/www.reservisten-brandenburg.de\/blog\/2020\/04\/08\/corona-dvag-bis-1-juni-abgesagt\/#primaryimage"},"thumbnailUrl":"https:\/\/www.reservisten-brandenburg.de\/potsdam\/wp-content\/uploads\/sites\/3\/2020\/03\/corona_milita\u0308rische_Ausbildung.jpg","keywords":["Corona","Reservistenverband"],"articleSection":["Bundeswehr","Landesvorstand","Reservistenverband","Veranstaltung"],"inLanguage":"de","potentialAction":[{"@type":"CommentAction","name":"Comment","target":["https:\/\/www.reservisten-brandenburg.de\/blog\/2020\/04\/08\/corona-dvag-bis-1-juni-abgesagt\/#respond"]}]},{"@type":"WebPage","@id":"https:\/\/www.reservisten-brandenburg.de\/potsdam\/2020\/04\/08\/corona-dvag-bis-1-juni-abgesagt\/","url":"https:\/\/www.reservisten-brandenburg.de\/blog\/2020\/04\/08\/corona-dvag-bis-1-juni-abgesagt\/","name":"Corona: DVag bis 1. Juni abgesagt - Reservistenkameradschaft Potsdam","isPartOf":{"@id":"https:\/\/www.reservisten-brandenburg.de\/potsdam\/#website"},"primaryImageOfPage":{"@id":"https:\/\/www.reservisten-brandenburg.de\/blog\/2020\/04\/08\/corona-dvag-bis-1-juni-abgesagt\/#primaryimage"},"image":{"@id":"https:\/\/www.reservisten-brandenburg.de\/blog\/2020\/04\/08\/corona-dvag-bis-1-juni-abgesagt\/#primaryimage"},"thumbnailUrl":"https:\/\/www.reservisten-brandenburg.de\/potsdam\/wp-content\/uploads\/sites\/3\/2020\/03\/corona_milita\u0308rische_Ausbildung.jpg","datePublished":"2020-04-08T08:34:11+00:00","dateModified":"2020-06-08T23:31:14+00:00","author":{"@id":"https:\/\/www.reservisten-brandenburg.de\/potsdam\/#\/schema\/person\/b99e21e3d546b3c5d8000a8c6369e917"},"breadcrumb":{"@id":"https:\/\/www.reservisten-brandenburg.de\/blog\/2020\/04\/08\/corona-dvag-bis-1-juni-abgesagt\/#breadcrumb"},"inLanguage":"de","potentialAction":[{"@type":"ReadAction","target":["https:\/\/www.reservisten-brandenburg.de\/blog\/2020\/04\/08\/corona-dvag-bis-1-juni-abgesagt\/"]}]},{"@type":"ImageObject","inLanguage":"de","@id":"https:\/\/www.reservisten-brandenburg.de\/blog\/2020\/04\/08\/corona-dvag-bis-1-juni-abgesagt\/#primaryimage","url":"https:\/\/www.reservisten-brandenburg.de\/potsdam\/wp-content\/uploads\/sites\/3\/2020\/03\/corona_milita\u0308rische_Ausbildung.jpg","contentUrl":"https:\/\/www.reservisten-brandenburg.de\/potsdam\/wp-content\/uploads\/sites\/3\/2020\/03\/corona_milita\u0308rische_Ausbildung.jpg","width":1600,"height":900},{"@type":"BreadcrumbList","@id":"https:\/\/www.reservisten-brandenburg.de\/blog\/2020\/04\/08\/corona-dvag-bis-1-juni-abgesagt\/#breadcrumb","itemListElement":[{"@type":"ListItem","position":1,"name":"Startseite","item":"https:\/\/www.reservisten-brandenburg.de\/potsdam\/"},{"@type":"ListItem","position":2,"name":"Corona: DVag bis 1. Juni abgesagt"}]},{"@type":"WebSite","@id":"https:\/\/www.reservisten-brandenburg.de\/potsdam\/#website","url":"https:\/\/www.reservisten-brandenburg.de\/potsdam\/","name":"Reservistenkameradschaft Potsdam","description":"Die Reserve in Potsdam","potentialAction":[{"@type":"SearchAction","target":{"@type":"EntryPoint","urlTemplate":"https:\/\/www.reservisten-brandenburg.de\/potsdam\/?s={search_term_string}"},"query-input":{"@type":"PropertyValueSpecification","valueRequired":true,"valueName":"search_term_string"}}],"inLanguage":"de"},{"@type":"Person","@id":"https:\/\/www.reservisten-brandenburg.de\/potsdam\/#\/schema\/person\/b99e21e3d546b3c5d8000a8c6369e917","name":"Ronald Nitschke","image":{"@type":"ImageObject","inLanguage":"de","@id":"https:\/\/secure.gravatar.com\/avatar\/4b4e956e7f12ebfeb975388715d2dca23111bc7627ddfce235ff01ea60cae6c6?s=96&d=mm&r=g","url":"https:\/\/secure.gravatar.com\/avatar\/4b4e956e7f12ebfeb975388715d2dca23111bc7627ddfce235ff01ea60cae6c6?s=96&d=mm&r=g","contentUrl":"https:\/\/secure.gravatar.com\/avatar\/4b4e956e7f12ebfeb975388715d2dca23111bc7627ddfce235ff01ea60cae6c6?s=96&d=mm&r=g","caption":"Ronald Nitschke"},"description":"Vorsitzender der Reservistenkameradschaft Potsdam und stellvertretender Landesvorsitzender mit Aufgabenschwerpunkt Presse und Kommunikation sowie IT und Digitalisierung.","sameAs":["https:\/\/www.ronaldnitschke.de","https:\/\/www.facebook.com\/ronald.nitschke.9","https:\/\/www.linkedin.com\/in\/ronaldnitschke\/","https:\/\/x.com\/ResPotsdam"],"url":"https:\/\/www.reservisten-brandenburg.de\/potsdam\/author\/ronald\/"}]}},"_links":{"self":[{"href":"https:\/\/www.reservisten-brandenburg.de\/potsdam\/wp-json\/wp\/v2\/posts\/7206","targetHints":{"allow":["GET"]}}],"collection":[{"href":"https:\/\/www.reservisten-brandenburg.de\/potsdam\/wp-json\/wp\/v2\/posts"}],"about":[{"href":"https:\/\/www.reservisten-brandenburg.de\/potsdam\/wp-json\/wp\/v2\/types\/post"}],"author":[{"embeddable":true,"href":"https:\/\/www.reservisten-brandenburg.de\/potsdam\/wp-json\/wp\/v2\/users\/12"}],"replies":[{"embeddable":true,"href":"https:\/\/www.reservisten-brandenburg.de\/potsdam\/wp-json\/wp\/v2\/comments?post=7206"}],"version-history":[{"count":0,"href":"https:\/\/www.reservisten-brandenburg.de\/potsdam\/wp-json\/wp\/v2\/posts\/7206\/revisions"}],"wp:featuredmedia":[{"embeddable":true,"href":"https:\/\/www.reservisten-brandenburg.de\/potsdam\/wp-json\/wp\/v2\/media\/87"}],"wp:attachment":[{"href":"https:\/\/www.reservisten-brandenburg.de\/potsdam\/wp-json\/wp\/v2\/media?parent=7206"}],"wp:term":[{"taxonomy":"category","embeddable":true,"href":"https:\/\/www.reservisten-brandenburg.de\/potsdam\/wp-json\/wp\/v2\/categories?post=7206"},{"taxonomy":"post_tag","embeddable":true,"href":"https:\/\/www.reservisten-brandenburg.de\/potsdam\/wp-json\/wp\/v2\/tags?post=7206"}],"curies":[{"name":"wp","href":"https:\/\/api.w.org\/{rel}","templated":true}]}}