{"id":7056,"date":"2020-03-12T21:16:00","date_gmt":"2020-03-12T20:16:00","guid":{"rendered":"https:\/\/reservisten-brandenburg.de\/potsdam\/?p=7056"},"modified":"2025-03-16T23:29:51","modified_gmt":"2025-03-16T22:29:51","slug":"corona-alle-dvags-bis-april-abgesagt","status":"publish","type":"post","link":"https:\/\/www.reservisten-brandenburg.de\/potsdam\/2020\/03\/12\/corona-alle-dvags-bis-april-abgesagt\/","title":{"rendered":"Corona: alle DVag&#8217;s bis April abgesagt"},"content":{"rendered":"\n<p>Die Regionale Sicherungs- und Unterst\u00fctzungskompanie Brandenburg hat alle dienstlichen Veranstaltungen und Reservedienste im M\u00e4rz und April abgesagt. <\/p>\n\n\n\n<h4 class=\"wp-block-heading\">Landesgruppe Brandenburg<\/h4>\n\n\n\n<p>Der Landesvorstand empfiehlt den <a href=\"https:\/\/www.reservistenkameradschaften.de\/\">Reservistenkameradschaften<\/a> und Reservistenarbeitsgemeinschaften die Veranstaltungen bis Ende April abzusagen. Die Reservistenkamerdschaft Potsdam <a href=\"https:\/\/www.reservisten-brandenburg.de\/potsdam\/termine\/\" target=\"_blank\" rel=\"noreferrer noopener\" aria-label=\"informiert auf Ihrer Seite (\u00f6ffnet in neuem Tab)\">informiert auf Ihrer Seite<\/a> \u00fcber die Absage Ihrer Termine. <\/p>\n\n\n\n<p>Die Landesgruppe Brandenburg hat den Ausbildungsplan auf die Durchf\u00fchrung des <a rel=\"noreferrer noopener\" aria-label=\"Gefechtsschie\u00dfens (\u00f6ffnet in neuem Tab)\" href=\"https:\/\/www.reservisten-brandenburg.de\/event\/gefechtsschiessen-tag-nacht-reservedienst\/\" target=\"_blank\">Gefechtsschie\u00dfens<\/a> zum Ende des Ausbildungsjahres ausgerichtet. An dem Gesamtziel soll festgehallten werden. Au\u00dferdem sind weitere Highlight, wie z.B. das <a rel=\"noreferrer noopener\" aria-label=\"Schie\u00dfen mit der Maschinenpistole MP7 (\u00f6ffnet in neuem Tab)\" href=\"https:\/\/www.reservisten-brandenburg.de\/event\/schiessausbildung-mit-mp7-und-granatpistole\/\" target=\"_blank\">Schie\u00dfen mit der Maschinenpistole MP7<\/a> geplant. Es wird versucht die Planung so anzupassen, dass die wesentlichen Ausbildungsinhalte dennoch in diesem Jahr durchgef\u00fchrt werden k\u00f6nnen.<\/p>\n\n\n\n<hr class=\"wp-block-separator\"\/>\n\n\n\n<h4 class=\"wp-block-heading\">Allgemeine Hinweise<\/h4>\n\n\n\n<ul class=\"wp-block-list\"><li><a rel=\"noreferrer noopener\" label=\"Antworten auf h\u00e4ufige Fragen zum Coronvirus des Robert Koch Instituts (\u00f6ffnet in neuem Tab)\" href=\"https:\/\/web.archive.org\/web\/20230123013358\/https:\/\/www.rki.de\/SharedDocs\/FAQ\/NCOV2019\/FAQ_Liste.html\" target=\"_blank\">Antworten auf h\u00e4ufige Fragen zum Coronvirus des Robert Koch Instituts<\/a><\/li><li><a rel=\"noreferrer noopener\" label=\"Hinweise zu Hygienema\u00dfnahmen des RKI (\u00f6ffnet in neuem Tab)\" href=\"https:\/\/web.archive.org\/web\/20210926174908\/https:\/\/www.rki.de\/DE\/Content\/InfAZ\/N\/Neuartiges_Coronavirus\/Hygienemassnahmen_Einsatzkraefte.pdf?__blob=publicationFile\" target=\"_blank\">Hinweise zu Hygienema\u00dfnahmen f\u00fcr Einsatzkr\u00e4fte des RKI<\/a> (PDF)<\/li><li><a rel=\"noreferrer noopener\" aria-label=\"Allgemeine Hygienetipps der BZgA (\u00f6ffnet in neuem Tab)\" href=\"https:\/\/www.infektionsschutz.de\/hygienetipps\/\" target=\"_blank\">Allgemeine Hygienetipps der BZgA<\/a><\/li><li><a rel=\"noreferrer noopener\" label=\"Informationen der Bundeswehr zum Coronavirus (\u00f6ffnet in neuem Tab)\" href=\"https:\/\/web.archive.org\/web\/20250301121718\/https:\/\/www.bundeswehr.de\/de\/aktuelles\/coronavirus-bundeswehr\" target=\"_blank\">Informationen der Bundeswehr zum Coronavirus<\/a><\/li><li><a href=\"https:\/\/www.arcgis.com\/apps\/opsdashboard\/index.html#\/bda7594740fd40299423467b48e9ecf6\" target=\"_blank\" rel=\"noreferrer noopener\" aria-label=\" (\u00f6ffnet in neuem Tab)\">\u00dcbersicht \u00fcber die weltweite Entwicklung in Echtzeit<\/a><\/li><\/ul>\n\n\n\n<hr class=\"wp-block-separator\"\/>\n\n\n\n<p>Weiter Infos und Aktualisierungen folgen nach Lageentwicklung auf dieser Seite.  <\/p>\n","protected":false},"excerpt":{"rendered":"<p>Die Regionale Sicherungs- und Unterst\u00fctzungskompanie Brandenburg hat alle dienstlichen Veranstaltungen und Reservedienste im M\u00e4rz und April abgesagt. Landesgruppe Brandenburg Der Landesvorstand empfiehlt den Reservistenkameradschaften und Reservistenarbeitsgemeinschaften die Veranstaltungen bis Ende [&hellip;]<\/p>\n","protected":false},"author":12,"featured_media":86,"comment_status":"open","ping_status":"open","sticky":false,"template":"","format":"standard","meta":{"footnotes":""},"categories":[169],"tags":[7,146],"class_list":["post-7056","post","type-post","status-publish","format-standard","has-post-thumbnail","hentry","category-bundeswehr-partner-verbandsarbeit","tag-corona","tag-dvag"],"yoast_head":"<!-- This site is optimized with the Yoast SEO plugin v27.4 - https:\/\/yoast.com\/product\/yoast-seo-wordpress\/ -->\n<title>Corona: alle DVag&#039;s bis April abgesagt - Reservistenkameradschaft Potsdam<\/title>\n<meta name=\"robots\" content=\"index, follow, max-snippet:-1, max-image-preview:large, max-video-preview:-1\" \/>\n<link rel=\"canonical\" href=\"https:\/\/reservisten-brandenburg.de\/2020\/03\/12\/corona-alle-dvags-bis-april-abgesagt\/\" \/>\n<meta property=\"og:locale\" content=\"de_DE\" \/>\n<meta property=\"og:type\" content=\"article\" \/>\n<meta property=\"og:title\" content=\"Corona: alle DVag&#039;s bis April abgesagt - Reservistenkameradschaft Potsdam\" \/>\n<meta property=\"og:description\" content=\"Die Regionale Sicherungs- und Unterst\u00fctzungskompanie Brandenburg hat alle dienstlichen Veranstaltungen und Reservedienste im M\u00e4rz und April abgesagt. Landesgruppe Brandenburg Der Landesvorstand empfiehlt den Reservistenkameradschaften und Reservistenarbeitsgemeinschaften die Veranstaltungen bis Ende [&hellip;]\" \/>\n<meta property=\"og:url\" content=\"https:\/\/reservisten-brandenburg.de\/2020\/03\/12\/corona-alle-dvags-bis-april-abgesagt\/\" \/>\n<meta property=\"og:site_name\" content=\"Reservistenkameradschaft Potsdam\" \/>\n<meta property=\"article:publisher\" content=\"https:\/\/www.facebook.com\/rk.grosser.kurfuerst\/\" \/>\n<meta property=\"article:author\" content=\"https:\/\/www.facebook.com\/ronald.nitschke.9\" \/>\n<meta property=\"article:published_time\" content=\"2020-03-12T20:16:00+00:00\" \/>\n<meta property=\"article:modified_time\" content=\"2025-03-16T22:29:51+00:00\" \/>\n<meta property=\"og:image\" content=\"https:\/\/www.reservisten-brandenburg.de\/potsdam\/wp-content\/uploads\/sites\/3\/2020\/03\/corona_milita\u0308rische_Ausbildung_2.jpg\" \/>\n\t<meta property=\"og:image:width\" content=\"1600\" \/>\n\t<meta property=\"og:image:height\" content=\"900\" \/>\n\t<meta property=\"og:image:type\" content=\"image\/jpeg\" \/>\n<meta name=\"author\" content=\"Ronald Nitschke\" \/>\n<meta name=\"twitter:card\" content=\"summary_large_image\" \/>\n<meta name=\"twitter:creator\" content=\"@ResPotsdam\" \/>\n<meta name=\"twitter:site\" content=\"@ResPotsdam\" \/>\n<meta name=\"twitter:label1\" content=\"Verfasst von\" \/>\n\t<meta name=\"twitter:data1\" content=\"Ronald Nitschke\" \/>\n\t<meta name=\"twitter:label2\" content=\"Gesch\u00e4tzte Lesezeit\" \/>\n\t<meta name=\"twitter:data2\" content=\"1\u00a0Minute\" \/>\n<script type=\"application\/ld+json\" class=\"yoast-schema-graph\">{\"@context\":\"https:\\\/\\\/schema.org\",\"@graph\":[{\"@type\":\"Article\",\"@id\":\"https:\\\/\\\/reservisten-brandenburg.de\\\/2020\\\/03\\\/12\\\/corona-alle-dvags-bis-april-abgesagt\\\/#article\",\"isPartOf\":{\"@id\":\"https:\\\/\\\/www.reservisten-brandenburg.de\\\/potsdam\\\/2020\\\/03\\\/12\\\/corona-alle-dvags-bis-april-abgesagt\\\/\"},\"author\":{\"name\":\"Ronald Nitschke\",\"@id\":\"https:\\\/\\\/www.reservisten-brandenburg.de\\\/potsdam\\\/#\\\/schema\\\/person\\\/b99e21e3d546b3c5d8000a8c6369e917\"},\"headline\":\"Corona: alle DVag&#8217;s bis April abgesagt\",\"datePublished\":\"2020-03-12T20:16:00+00:00\",\"dateModified\":\"2025-03-16T22:29:51+00:00\",\"mainEntityOfPage\":{\"@id\":\"https:\\\/\\\/www.reservisten-brandenburg.de\\\/potsdam\\\/2020\\\/03\\\/12\\\/corona-alle-dvags-bis-april-abgesagt\\\/\"},\"wordCount\":163,\"commentCount\":0,\"image\":{\"@id\":\"https:\\\/\\\/reservisten-brandenburg.de\\\/2020\\\/03\\\/12\\\/corona-alle-dvags-bis-april-abgesagt\\\/#primaryimage\"},\"thumbnailUrl\":\"https:\\\/\\\/www.reservisten-brandenburg.de\\\/potsdam\\\/wp-content\\\/uploads\\\/sites\\\/3\\\/2020\\\/03\\\/corona_milita\u0308rische_Ausbildung_2.jpg\",\"keywords\":[\"Corona\",\"DVag\"],\"articleSection\":[\"Bundeswehr\"],\"inLanguage\":\"de\",\"potentialAction\":[{\"@type\":\"CommentAction\",\"name\":\"Comment\",\"target\":[\"https:\\\/\\\/reservisten-brandenburg.de\\\/2020\\\/03\\\/12\\\/corona-alle-dvags-bis-april-abgesagt\\\/#respond\"]}]},{\"@type\":\"WebPage\",\"@id\":\"https:\\\/\\\/www.reservisten-brandenburg.de\\\/potsdam\\\/2020\\\/03\\\/12\\\/corona-alle-dvags-bis-april-abgesagt\\\/\",\"url\":\"https:\\\/\\\/reservisten-brandenburg.de\\\/2020\\\/03\\\/12\\\/corona-alle-dvags-bis-april-abgesagt\\\/\",\"name\":\"Corona: alle DVag's bis April abgesagt - Reservistenkameradschaft Potsdam\",\"isPartOf\":{\"@id\":\"https:\\\/\\\/www.reservisten-brandenburg.de\\\/potsdam\\\/#website\"},\"primaryImageOfPage\":{\"@id\":\"https:\\\/\\\/reservisten-brandenburg.de\\\/2020\\\/03\\\/12\\\/corona-alle-dvags-bis-april-abgesagt\\\/#primaryimage\"},\"image\":{\"@id\":\"https:\\\/\\\/reservisten-brandenburg.de\\\/2020\\\/03\\\/12\\\/corona-alle-dvags-bis-april-abgesagt\\\/#primaryimage\"},\"thumbnailUrl\":\"https:\\\/\\\/www.reservisten-brandenburg.de\\\/potsdam\\\/wp-content\\\/uploads\\\/sites\\\/3\\\/2020\\\/03\\\/corona_milita\u0308rische_Ausbildung_2.jpg\",\"datePublished\":\"2020-03-12T20:16:00+00:00\",\"dateModified\":\"2025-03-16T22:29:51+00:00\",\"author\":{\"@id\":\"https:\\\/\\\/www.reservisten-brandenburg.de\\\/potsdam\\\/#\\\/schema\\\/person\\\/b99e21e3d546b3c5d8000a8c6369e917\"},\"breadcrumb\":{\"@id\":\"https:\\\/\\\/reservisten-brandenburg.de\\\/2020\\\/03\\\/12\\\/corona-alle-dvags-bis-april-abgesagt\\\/#breadcrumb\"},\"inLanguage\":\"de\",\"potentialAction\":[{\"@type\":\"ReadAction\",\"target\":[\"https:\\\/\\\/reservisten-brandenburg.de\\\/2020\\\/03\\\/12\\\/corona-alle-dvags-bis-april-abgesagt\\\/\"]}]},{\"@type\":\"ImageObject\",\"inLanguage\":\"de\",\"@id\":\"https:\\\/\\\/reservisten-brandenburg.de\\\/2020\\\/03\\\/12\\\/corona-alle-dvags-bis-april-abgesagt\\\/#primaryimage\",\"url\":\"https:\\\/\\\/www.reservisten-brandenburg.de\\\/potsdam\\\/wp-content\\\/uploads\\\/sites\\\/3\\\/2020\\\/03\\\/corona_milita\u0308rische_Ausbildung_2.jpg\",\"contentUrl\":\"https:\\\/\\\/www.reservisten-brandenburg.de\\\/potsdam\\\/wp-content\\\/uploads\\\/sites\\\/3\\\/2020\\\/03\\\/corona_milita\u0308rische_Ausbildung_2.jpg\",\"width\":1600,\"height\":900},{\"@type\":\"BreadcrumbList\",\"@id\":\"https:\\\/\\\/reservisten-brandenburg.de\\\/2020\\\/03\\\/12\\\/corona-alle-dvags-bis-april-abgesagt\\\/#breadcrumb\",\"itemListElement\":[{\"@type\":\"ListItem\",\"position\":1,\"name\":\"Startseite\",\"item\":\"https:\\\/\\\/www.reservisten-brandenburg.de\\\/potsdam\\\/\"},{\"@type\":\"ListItem\",\"position\":2,\"name\":\"Corona: alle DVag&#8217;s bis April abgesagt\"}]},{\"@type\":\"WebSite\",\"@id\":\"https:\\\/\\\/www.reservisten-brandenburg.de\\\/potsdam\\\/#website\",\"url\":\"https:\\\/\\\/www.reservisten-brandenburg.de\\\/potsdam\\\/\",\"name\":\"Reservistenkameradschaft Potsdam\",\"description\":\"Die Reserve in Potsdam\",\"potentialAction\":[{\"@type\":\"SearchAction\",\"target\":{\"@type\":\"EntryPoint\",\"urlTemplate\":\"https:\\\/\\\/www.reservisten-brandenburg.de\\\/potsdam\\\/?s={search_term_string}\"},\"query-input\":{\"@type\":\"PropertyValueSpecification\",\"valueRequired\":true,\"valueName\":\"search_term_string\"}}],\"inLanguage\":\"de\"},{\"@type\":\"Person\",\"@id\":\"https:\\\/\\\/www.reservisten-brandenburg.de\\\/potsdam\\\/#\\\/schema\\\/person\\\/b99e21e3d546b3c5d8000a8c6369e917\",\"name\":\"Ronald Nitschke\",\"image\":{\"@type\":\"ImageObject\",\"inLanguage\":\"de\",\"@id\":\"https:\\\/\\\/secure.gravatar.com\\\/avatar\\\/4b4e956e7f12ebfeb975388715d2dca23111bc7627ddfce235ff01ea60cae6c6?s=96&d=mm&r=g\",\"url\":\"https:\\\/\\\/secure.gravatar.com\\\/avatar\\\/4b4e956e7f12ebfeb975388715d2dca23111bc7627ddfce235ff01ea60cae6c6?s=96&d=mm&r=g\",\"contentUrl\":\"https:\\\/\\\/secure.gravatar.com\\\/avatar\\\/4b4e956e7f12ebfeb975388715d2dca23111bc7627ddfce235ff01ea60cae6c6?s=96&d=mm&r=g\",\"caption\":\"Ronald Nitschke\"},\"description\":\"Vorsitzender der Reservistenkameradschaft Potsdam und stellvertretender Landesvorsitzender mit Aufgabenschwerpunkt Presse und Kommunikation sowie IT und Digitalisierung.\",\"sameAs\":[\"https:\\\/\\\/www.ronaldnitschke.de\",\"https:\\\/\\\/www.facebook.com\\\/ronald.nitschke.9\",\"https:\\\/\\\/www.linkedin.com\\\/in\\\/ronaldnitschke\\\/\",\"https:\\\/\\\/x.com\\\/ResPotsdam\"],\"url\":\"https:\\\/\\\/www.reservisten-brandenburg.de\\\/potsdam\\\/author\\\/ronald\\\/\"}]}<\/script>\n<!-- \/ Yoast SEO plugin. -->","yoast_head_json":{"title":"Corona: alle DVag's bis April abgesagt - Reservistenkameradschaft Potsdam","robots":{"index":"index","follow":"follow","max-snippet":"max-snippet:-1","max-image-preview":"max-image-preview:large","max-video-preview":"max-video-preview:-1"},"canonical":"https:\/\/reservisten-brandenburg.de\/2020\/03\/12\/corona-alle-dvags-bis-april-abgesagt\/","og_locale":"de_DE","og_type":"article","og_title":"Corona: alle DVag's bis April abgesagt - Reservistenkameradschaft Potsdam","og_description":"Die Regionale Sicherungs- und Unterst\u00fctzungskompanie Brandenburg hat alle dienstlichen Veranstaltungen und Reservedienste im M\u00e4rz und April abgesagt. Landesgruppe Brandenburg Der Landesvorstand empfiehlt den Reservistenkameradschaften und Reservistenarbeitsgemeinschaften die Veranstaltungen bis Ende [&hellip;]","og_url":"https:\/\/reservisten-brandenburg.de\/2020\/03\/12\/corona-alle-dvags-bis-april-abgesagt\/","og_site_name":"Reservistenkameradschaft Potsdam","article_publisher":"https:\/\/www.facebook.com\/rk.grosser.kurfuerst\/","article_author":"https:\/\/www.facebook.com\/ronald.nitschke.9","article_published_time":"2020-03-12T20:16:00+00:00","article_modified_time":"2025-03-16T22:29:51+00:00","og_image":[{"width":1600,"height":900,"url":"https:\/\/www.reservisten-brandenburg.de\/potsdam\/wp-content\/uploads\/sites\/3\/2020\/03\/corona_milita\u0308rische_Ausbildung_2.jpg","type":"image\/jpeg"}],"author":"Ronald Nitschke","twitter_card":"summary_large_image","twitter_creator":"@ResPotsdam","twitter_site":"@ResPotsdam","twitter_misc":{"Verfasst von":"Ronald Nitschke","Gesch\u00e4tzte Lesezeit":"1\u00a0Minute"},"schema":{"@context":"https:\/\/schema.org","@graph":[{"@type":"Article","@id":"https:\/\/reservisten-brandenburg.de\/2020\/03\/12\/corona-alle-dvags-bis-april-abgesagt\/#article","isPartOf":{"@id":"https:\/\/www.reservisten-brandenburg.de\/potsdam\/2020\/03\/12\/corona-alle-dvags-bis-april-abgesagt\/"},"author":{"name":"Ronald Nitschke","@id":"https:\/\/www.reservisten-brandenburg.de\/potsdam\/#\/schema\/person\/b99e21e3d546b3c5d8000a8c6369e917"},"headline":"Corona: alle DVag&#8217;s bis April abgesagt","datePublished":"2020-03-12T20:16:00+00:00","dateModified":"2025-03-16T22:29:51+00:00","mainEntityOfPage":{"@id":"https:\/\/www.reservisten-brandenburg.de\/potsdam\/2020\/03\/12\/corona-alle-dvags-bis-april-abgesagt\/"},"wordCount":163,"commentCount":0,"image":{"@id":"https:\/\/reservisten-brandenburg.de\/2020\/03\/12\/corona-alle-dvags-bis-april-abgesagt\/#primaryimage"},"thumbnailUrl":"https:\/\/www.reservisten-brandenburg.de\/potsdam\/wp-content\/uploads\/sites\/3\/2020\/03\/corona_milita\u0308rische_Ausbildung_2.jpg","keywords":["Corona","DVag"],"articleSection":["Bundeswehr"],"inLanguage":"de","potentialAction":[{"@type":"CommentAction","name":"Comment","target":["https:\/\/reservisten-brandenburg.de\/2020\/03\/12\/corona-alle-dvags-bis-april-abgesagt\/#respond"]}]},{"@type":"WebPage","@id":"https:\/\/www.reservisten-brandenburg.de\/potsdam\/2020\/03\/12\/corona-alle-dvags-bis-april-abgesagt\/","url":"https:\/\/reservisten-brandenburg.de\/2020\/03\/12\/corona-alle-dvags-bis-april-abgesagt\/","name":"Corona: alle DVag's bis April abgesagt - Reservistenkameradschaft Potsdam","isPartOf":{"@id":"https:\/\/www.reservisten-brandenburg.de\/potsdam\/#website"},"primaryImageOfPage":{"@id":"https:\/\/reservisten-brandenburg.de\/2020\/03\/12\/corona-alle-dvags-bis-april-abgesagt\/#primaryimage"},"image":{"@id":"https:\/\/reservisten-brandenburg.de\/2020\/03\/12\/corona-alle-dvags-bis-april-abgesagt\/#primaryimage"},"thumbnailUrl":"https:\/\/www.reservisten-brandenburg.de\/potsdam\/wp-content\/uploads\/sites\/3\/2020\/03\/corona_milita\u0308rische_Ausbildung_2.jpg","datePublished":"2020-03-12T20:16:00+00:00","dateModified":"2025-03-16T22:29:51+00:00","author":{"@id":"https:\/\/www.reservisten-brandenburg.de\/potsdam\/#\/schema\/person\/b99e21e3d546b3c5d8000a8c6369e917"},"breadcrumb":{"@id":"https:\/\/reservisten-brandenburg.de\/2020\/03\/12\/corona-alle-dvags-bis-april-abgesagt\/#breadcrumb"},"inLanguage":"de","potentialAction":[{"@type":"ReadAction","target":["https:\/\/reservisten-brandenburg.de\/2020\/03\/12\/corona-alle-dvags-bis-april-abgesagt\/"]}]},{"@type":"ImageObject","inLanguage":"de","@id":"https:\/\/reservisten-brandenburg.de\/2020\/03\/12\/corona-alle-dvags-bis-april-abgesagt\/#primaryimage","url":"https:\/\/www.reservisten-brandenburg.de\/potsdam\/wp-content\/uploads\/sites\/3\/2020\/03\/corona_milita\u0308rische_Ausbildung_2.jpg","contentUrl":"https:\/\/www.reservisten-brandenburg.de\/potsdam\/wp-content\/uploads\/sites\/3\/2020\/03\/corona_milita\u0308rische_Ausbildung_2.jpg","width":1600,"height":900},{"@type":"BreadcrumbList","@id":"https:\/\/reservisten-brandenburg.de\/2020\/03\/12\/corona-alle-dvags-bis-april-abgesagt\/#breadcrumb","itemListElement":[{"@type":"ListItem","position":1,"name":"Startseite","item":"https:\/\/www.reservisten-brandenburg.de\/potsdam\/"},{"@type":"ListItem","position":2,"name":"Corona: alle DVag&#8217;s bis April abgesagt"}]},{"@type":"WebSite","@id":"https:\/\/www.reservisten-brandenburg.de\/potsdam\/#website","url":"https:\/\/www.reservisten-brandenburg.de\/potsdam\/","name":"Reservistenkameradschaft Potsdam","description":"Die Reserve in Potsdam","potentialAction":[{"@type":"SearchAction","target":{"@type":"EntryPoint","urlTemplate":"https:\/\/www.reservisten-brandenburg.de\/potsdam\/?s={search_term_string}"},"query-input":{"@type":"PropertyValueSpecification","valueRequired":true,"valueName":"search_term_string"}}],"inLanguage":"de"},{"@type":"Person","@id":"https:\/\/www.reservisten-brandenburg.de\/potsdam\/#\/schema\/person\/b99e21e3d546b3c5d8000a8c6369e917","name":"Ronald Nitschke","image":{"@type":"ImageObject","inLanguage":"de","@id":"https:\/\/secure.gravatar.com\/avatar\/4b4e956e7f12ebfeb975388715d2dca23111bc7627ddfce235ff01ea60cae6c6?s=96&d=mm&r=g","url":"https:\/\/secure.gravatar.com\/avatar\/4b4e956e7f12ebfeb975388715d2dca23111bc7627ddfce235ff01ea60cae6c6?s=96&d=mm&r=g","contentUrl":"https:\/\/secure.gravatar.com\/avatar\/4b4e956e7f12ebfeb975388715d2dca23111bc7627ddfce235ff01ea60cae6c6?s=96&d=mm&r=g","caption":"Ronald Nitschke"},"description":"Vorsitzender der Reservistenkameradschaft Potsdam und stellvertretender Landesvorsitzender mit Aufgabenschwerpunkt Presse und Kommunikation sowie IT und Digitalisierung.","sameAs":["https:\/\/www.ronaldnitschke.de","https:\/\/www.facebook.com\/ronald.nitschke.9","https:\/\/www.linkedin.com\/in\/ronaldnitschke\/","https:\/\/x.com\/ResPotsdam"],"url":"https:\/\/www.reservisten-brandenburg.de\/potsdam\/author\/ronald\/"}]}},"_links":{"self":[{"href":"https:\/\/www.reservisten-brandenburg.de\/potsdam\/wp-json\/wp\/v2\/posts\/7056","targetHints":{"allow":["GET"]}}],"collection":[{"href":"https:\/\/www.reservisten-brandenburg.de\/potsdam\/wp-json\/wp\/v2\/posts"}],"about":[{"href":"https:\/\/www.reservisten-brandenburg.de\/potsdam\/wp-json\/wp\/v2\/types\/post"}],"author":[{"embeddable":true,"href":"https:\/\/www.reservisten-brandenburg.de\/potsdam\/wp-json\/wp\/v2\/users\/12"}],"replies":[{"embeddable":true,"href":"https:\/\/www.reservisten-brandenburg.de\/potsdam\/wp-json\/wp\/v2\/comments?post=7056"}],"version-history":[{"count":0,"href":"https:\/\/www.reservisten-brandenburg.de\/potsdam\/wp-json\/wp\/v2\/posts\/7056\/revisions"}],"wp:featuredmedia":[{"embeddable":true,"href":"https:\/\/www.reservisten-brandenburg.de\/potsdam\/wp-json\/wp\/v2\/media\/86"}],"wp:attachment":[{"href":"https:\/\/www.reservisten-brandenburg.de\/potsdam\/wp-json\/wp\/v2\/media?parent=7056"}],"wp:term":[{"taxonomy":"category","embeddable":true,"href":"https:\/\/www.reservisten-brandenburg.de\/potsdam\/wp-json\/wp\/v2\/categories?post=7056"},{"taxonomy":"post_tag","embeddable":true,"href":"https:\/\/www.reservisten-brandenburg.de\/potsdam\/wp-json\/wp\/v2\/tags?post=7056"}],"curies":[{"name":"wp","href":"https:\/\/api.w.org\/{rel}","templated":true}]}}