{"id":5192,"date":"2015-06-30T13:58:42","date_gmt":"2015-06-30T11:58:42","guid":{"rendered":"https:\/\/www.reservisten-brandenburg.de\/?p=5192"},"modified":"2020-06-09T01:34:04","modified_gmt":"2020-06-08T23:34:04","slug":"teilnahme-am-pokalschiessen-in-polen","status":"publish","type":"post","link":"https:\/\/www.reservisten-brandenburg.de\/potsdam\/2015\/06\/30\/teilnahme-am-pokalschiessen-in-polen\/","title":{"rendered":"Teilnahme am Pokalschie\u00dfen in Polen"},"content":{"rendered":"\n<p>Mitte Juni nahm die RK Potsdam an einem Pokalschie\u00dfen in Polen teil.  Diese Veranstaltung diente den teilnehmenden Reservisten der <a rel=\"noreferrer noopener\" aria-label=\"RK Potsdam (\u00f6ffnet in neuem Tab)\" href=\"http:\/\/www.rk-potsdam.com\" target=\"_blank\">RK Potsdam<\/a>  in erster Linie als Vorbereitung auf die Teilnahme am internationalen  Wettkampf Snajper im September in <a rel=\"noreferrer noopener\" href=\"https:\/\/de.wikipedia.org\/wiki\/Posen\" target=\"_blank\">Pozna\u0144 (dt. Posen)<\/a> und zum Ausbau der deutsch-polnischen Kontakte. Auf Ebene der <a href=\"https:\/\/www.reservisten-brandenburg.de\/die-landesgruppe\/\">Landesgruppe<\/a> wird die Zusammenarbeit mit den polnischen Kameraden vorangetrieben.<\/p>\n\n\n\n<!--more-->\n\n\n\n<p>Erm\u00f6glicht wurde die Veranstaltung durch die  Einladung der polnischen Gastgeber und die gute Zusammenarbeit mit dem  Vorsitzenden der RAG Internationale Zusammenarbeit, Oberst a.D.  Jeschonnek. Die Potsdamer Delegation war bereits am Vortag des Schie\u00dfens in <a href=\"https:\/\/de.wikipedia.org\/wiki\/Krosno_Odrza%C5%84skie\" target=\"_blank\" rel=\"noreferrer noopener\" aria-label=\"Krosno Odrza\u0144skie (dt.: Crossen an der Oder) (\u00f6ffnet in neuem Tab)\">Krosno Odrza\u0144skie (dt.: Crossen an der Oder)<\/a> eingetroffen und kam dort mit den Gastgebern zusammen. So waren, u.a. beim Abendessen, im \u00fcberschaubaren Kreis gute bilaterale Gespr\u00e4che m\u00f6glich. Die Unterbringung erfolgte in einer polnischen Kaserne und  entsprach dem Standard, den sich die Verteidigungsministerin wohl f\u00fcr  die Bundeswehr w\u00fcnscht. Insbesondere war aber die Aufnahme durch die  polnischen Gastgeber sehr herzlich und kameradschaftlich. Es ist geplant  diese Veranstaltung im kommenden Jahr zu wiederholen.<\/p>\n","protected":false},"excerpt":{"rendered":"<p>Mitte Juni nahm die RK Potsdam an einem Pokalschie\u00dfen in Polen teil. Diese Veranstaltung diente den teilnehmenden Reservisten der RK Potsdam in erster Linie als Vorbereitung auf die Teilnahme am [&hellip;]<\/p>\n","protected":false},"author":12,"featured_media":66,"comment_status":"open","ping_status":"open","sticky":false,"template":"","format":"standard","meta":{"footnotes":""},"categories":[51,53,20,72],"tags":[70,34,71,73],"class_list":["post-5192","post","type-post","status-publish","format-standard","has-post-thumbnail","hentry","category-gewehr","category-pistole","category-rk-potsdam","category-wettkampf","tag-polen","tag-rk-potsdam","tag-schiessen","tag-wettkampf"],"yoast_head":"<!-- This site is optimized with the Yoast SEO plugin v27.5 - https:\/\/yoast.com\/product\/yoast-seo-wordpress\/ -->\n<title>Teilnahme am Pokalschie\u00dfen in Polen - Reservistenkameradschaft Potsdam<\/title>\n<meta name=\"description\" content=\"Die RK Potsdam nahm im Juni an einem Pokalschie\u00dfen in Polen teil. Dies diente den Reservisten als Vorbereitung f\u00fcr den internationalen Wettkampf Snajper.\" \/>\n<meta name=\"robots\" content=\"index, follow, max-snippet:-1, max-image-preview:large, max-video-preview:-1\" \/>\n<link rel=\"canonical\" href=\"https:\/\/www.reservisten-brandenburg.de\/potsdam\/2015\/06\/30\/teilnahme-am-pokalschiessen-in-polen\/\" \/>\n<meta property=\"og:locale\" content=\"de_DE\" \/>\n<meta property=\"og:type\" content=\"article\" \/>\n<meta property=\"og:title\" content=\"Teilnahme am Pokalschie\u00dfen in Polen - Reservistenkameradschaft Potsdam\" \/>\n<meta property=\"og:description\" content=\"Die RK Potsdam nahm im Juni an einem Pokalschie\u00dfen in Polen teil. Dies diente den Reservisten als Vorbereitung f\u00fcr den internationalen Wettkampf Snajper.\" \/>\n<meta property=\"og:url\" content=\"https:\/\/www.reservisten-brandenburg.de\/potsdam\/2015\/06\/30\/teilnahme-am-pokalschiessen-in-polen\/\" \/>\n<meta property=\"og:site_name\" content=\"Reservistenkameradschaft Potsdam\" \/>\n<meta property=\"article:publisher\" content=\"https:\/\/www.facebook.com\/rk.grosser.kurfuerst\/\" \/>\n<meta property=\"article:author\" content=\"https:\/\/www.facebook.com\/ronald.nitschke.9\" \/>\n<meta property=\"article:published_time\" content=\"2015-06-30T11:58:42+00:00\" \/>\n<meta property=\"article:modified_time\" content=\"2020-06-08T23:34:04+00:00\" \/>\n<meta property=\"og:image\" content=\"https:\/\/www.reservisten-brandenburg.de\/potsdam\/wp-content\/uploads\/sites\/3\/2020\/03\/RK-Potsdam_Schiessen_Polen.jpg\" \/>\n\t<meta property=\"og:image:width\" content=\"1600\" \/>\n\t<meta property=\"og:image:height\" content=\"900\" \/>\n\t<meta property=\"og:image:type\" content=\"image\/jpeg\" \/>\n<meta name=\"author\" content=\"Ronald Nitschke\" \/>\n<meta name=\"twitter:card\" content=\"summary_large_image\" \/>\n<meta name=\"twitter:creator\" content=\"@ResPotsdam\" \/>\n<meta name=\"twitter:site\" content=\"@ResPotsdam\" \/>\n<meta name=\"twitter:label1\" content=\"Verfasst von\" \/>\n\t<meta name=\"twitter:data1\" content=\"Ronald Nitschke\" \/>\n\t<meta name=\"twitter:label2\" content=\"Gesch\u00e4tzte Lesezeit\" \/>\n\t<meta name=\"twitter:data2\" content=\"1\u00a0Minute\" \/>\n<script type=\"application\/ld+json\" class=\"yoast-schema-graph\">{\"@context\":\"https:\\\/\\\/schema.org\",\"@graph\":[{\"@type\":\"Article\",\"@id\":\"https:\\\/\\\/www.reservisten-brandenburg.de\\\/potsdam\\\/2015\\\/06\\\/30\\\/teilnahme-am-pokalschiessen-in-polen\\\/#article\",\"isPartOf\":{\"@id\":\"https:\\\/\\\/www.reservisten-brandenburg.de\\\/potsdam\\\/2015\\\/06\\\/30\\\/teilnahme-am-pokalschiessen-in-polen\\\/\"},\"author\":{\"name\":\"Ronald Nitschke\",\"@id\":\"https:\\\/\\\/www.reservisten-brandenburg.de\\\/potsdam\\\/#\\\/schema\\\/person\\\/b99e21e3d546b3c5d8000a8c6369e917\"},\"headline\":\"Teilnahme am Pokalschie\u00dfen in Polen\",\"datePublished\":\"2015-06-30T11:58:42+00:00\",\"dateModified\":\"2020-06-08T23:34:04+00:00\",\"mainEntityOfPage\":{\"@id\":\"https:\\\/\\\/www.reservisten-brandenburg.de\\\/potsdam\\\/2015\\\/06\\\/30\\\/teilnahme-am-pokalschiessen-in-polen\\\/\"},\"wordCount\":177,\"commentCount\":0,\"image\":{\"@id\":\"https:\\\/\\\/www.reservisten-brandenburg.de\\\/potsdam\\\/2015\\\/06\\\/30\\\/teilnahme-am-pokalschiessen-in-polen\\\/#primaryimage\"},\"thumbnailUrl\":\"https:\\\/\\\/www.reservisten-brandenburg.de\\\/potsdam\\\/wp-content\\\/uploads\\\/sites\\\/3\\\/2020\\\/03\\\/RK-Potsdam_Schiessen_Polen.jpg\",\"keywords\":[\"Polen\",\"RK Potsdam\",\"schie\u00dfen\",\"Wettkampf\"],\"articleSection\":[\"Gewehr\",\"Pistole\",\"RK Potsdam\",\"Wettkampf\"],\"inLanguage\":\"de\",\"potentialAction\":[{\"@type\":\"CommentAction\",\"name\":\"Comment\",\"target\":[\"https:\\\/\\\/www.reservisten-brandenburg.de\\\/potsdam\\\/2015\\\/06\\\/30\\\/teilnahme-am-pokalschiessen-in-polen\\\/#respond\"]}]},{\"@type\":\"WebPage\",\"@id\":\"https:\\\/\\\/www.reservisten-brandenburg.de\\\/potsdam\\\/2015\\\/06\\\/30\\\/teilnahme-am-pokalschiessen-in-polen\\\/\",\"url\":\"https:\\\/\\\/www.reservisten-brandenburg.de\\\/potsdam\\\/2015\\\/06\\\/30\\\/teilnahme-am-pokalschiessen-in-polen\\\/\",\"name\":\"Teilnahme am Pokalschie\u00dfen in Polen - Reservistenkameradschaft Potsdam\",\"isPartOf\":{\"@id\":\"https:\\\/\\\/www.reservisten-brandenburg.de\\\/potsdam\\\/#website\"},\"primaryImageOfPage\":{\"@id\":\"https:\\\/\\\/www.reservisten-brandenburg.de\\\/potsdam\\\/2015\\\/06\\\/30\\\/teilnahme-am-pokalschiessen-in-polen\\\/#primaryimage\"},\"image\":{\"@id\":\"https:\\\/\\\/www.reservisten-brandenburg.de\\\/potsdam\\\/2015\\\/06\\\/30\\\/teilnahme-am-pokalschiessen-in-polen\\\/#primaryimage\"},\"thumbnailUrl\":\"https:\\\/\\\/www.reservisten-brandenburg.de\\\/potsdam\\\/wp-content\\\/uploads\\\/sites\\\/3\\\/2020\\\/03\\\/RK-Potsdam_Schiessen_Polen.jpg\",\"datePublished\":\"2015-06-30T11:58:42+00:00\",\"dateModified\":\"2020-06-08T23:34:04+00:00\",\"author\":{\"@id\":\"https:\\\/\\\/www.reservisten-brandenburg.de\\\/potsdam\\\/#\\\/schema\\\/person\\\/b99e21e3d546b3c5d8000a8c6369e917\"},\"description\":\"Die RK Potsdam nahm im Juni an einem Pokalschie\u00dfen in Polen teil. Dies diente den Reservisten als Vorbereitung f\u00fcr den internationalen Wettkampf Snajper.\",\"breadcrumb\":{\"@id\":\"https:\\\/\\\/www.reservisten-brandenburg.de\\\/potsdam\\\/2015\\\/06\\\/30\\\/teilnahme-am-pokalschiessen-in-polen\\\/#breadcrumb\"},\"inLanguage\":\"de\",\"potentialAction\":[{\"@type\":\"ReadAction\",\"target\":[\"https:\\\/\\\/www.reservisten-brandenburg.de\\\/potsdam\\\/2015\\\/06\\\/30\\\/teilnahme-am-pokalschiessen-in-polen\\\/\"]}]},{\"@type\":\"ImageObject\",\"inLanguage\":\"de\",\"@id\":\"https:\\\/\\\/www.reservisten-brandenburg.de\\\/potsdam\\\/2015\\\/06\\\/30\\\/teilnahme-am-pokalschiessen-in-polen\\\/#primaryimage\",\"url\":\"https:\\\/\\\/www.reservisten-brandenburg.de\\\/potsdam\\\/wp-content\\\/uploads\\\/sites\\\/3\\\/2020\\\/03\\\/RK-Potsdam_Schiessen_Polen.jpg\",\"contentUrl\":\"https:\\\/\\\/www.reservisten-brandenburg.de\\\/potsdam\\\/wp-content\\\/uploads\\\/sites\\\/3\\\/2020\\\/03\\\/RK-Potsdam_Schiessen_Polen.jpg\",\"width\":1600,\"height\":900},{\"@type\":\"BreadcrumbList\",\"@id\":\"https:\\\/\\\/www.reservisten-brandenburg.de\\\/potsdam\\\/2015\\\/06\\\/30\\\/teilnahme-am-pokalschiessen-in-polen\\\/#breadcrumb\",\"itemListElement\":[{\"@type\":\"ListItem\",\"position\":1,\"name\":\"Startseite\",\"item\":\"https:\\\/\\\/www.reservisten-brandenburg.de\\\/potsdam\\\/\"},{\"@type\":\"ListItem\",\"position\":2,\"name\":\"Teilnahme am Pokalschie\u00dfen in Polen\"}]},{\"@type\":\"WebSite\",\"@id\":\"https:\\\/\\\/www.reservisten-brandenburg.de\\\/potsdam\\\/#website\",\"url\":\"https:\\\/\\\/www.reservisten-brandenburg.de\\\/potsdam\\\/\",\"name\":\"Reservistenkameradschaft Potsdam\",\"description\":\"Die Reserve in Potsdam\",\"potentialAction\":[{\"@type\":\"SearchAction\",\"target\":{\"@type\":\"EntryPoint\",\"urlTemplate\":\"https:\\\/\\\/www.reservisten-brandenburg.de\\\/potsdam\\\/?s={search_term_string}\"},\"query-input\":{\"@type\":\"PropertyValueSpecification\",\"valueRequired\":true,\"valueName\":\"search_term_string\"}}],\"inLanguage\":\"de\"},{\"@type\":\"Person\",\"@id\":\"https:\\\/\\\/www.reservisten-brandenburg.de\\\/potsdam\\\/#\\\/schema\\\/person\\\/b99e21e3d546b3c5d8000a8c6369e917\",\"name\":\"Ronald Nitschke\",\"image\":{\"@type\":\"ImageObject\",\"inLanguage\":\"de\",\"@id\":\"https:\\\/\\\/secure.gravatar.com\\\/avatar\\\/4b4e956e7f12ebfeb975388715d2dca23111bc7627ddfce235ff01ea60cae6c6?s=96&d=mm&r=g\",\"url\":\"https:\\\/\\\/secure.gravatar.com\\\/avatar\\\/4b4e956e7f12ebfeb975388715d2dca23111bc7627ddfce235ff01ea60cae6c6?s=96&d=mm&r=g\",\"contentUrl\":\"https:\\\/\\\/secure.gravatar.com\\\/avatar\\\/4b4e956e7f12ebfeb975388715d2dca23111bc7627ddfce235ff01ea60cae6c6?s=96&d=mm&r=g\",\"caption\":\"Ronald Nitschke\"},\"description\":\"Vorsitzender der Reservistenkameradschaft Potsdam und stellvertretender Landesvorsitzender mit Aufgabenschwerpunkt Presse und Kommunikation sowie IT und Digitalisierung.\",\"sameAs\":[\"https:\\\/\\\/www.ronaldnitschke.de\",\"https:\\\/\\\/www.facebook.com\\\/ronald.nitschke.9\",\"https:\\\/\\\/www.linkedin.com\\\/in\\\/ronaldnitschke\\\/\",\"https:\\\/\\\/x.com\\\/ResPotsdam\"],\"url\":\"https:\\\/\\\/www.reservisten-brandenburg.de\\\/potsdam\\\/author\\\/ronald\\\/\"}]}<\/script>\n<!-- \/ Yoast SEO plugin. -->","yoast_head_json":{"title":"Teilnahme am Pokalschie\u00dfen in Polen - Reservistenkameradschaft Potsdam","description":"Die RK Potsdam nahm im Juni an einem Pokalschie\u00dfen in Polen teil. Dies diente den Reservisten als Vorbereitung f\u00fcr den internationalen Wettkampf Snajper.","robots":{"index":"index","follow":"follow","max-snippet":"max-snippet:-1","max-image-preview":"max-image-preview:large","max-video-preview":"max-video-preview:-1"},"canonical":"https:\/\/www.reservisten-brandenburg.de\/potsdam\/2015\/06\/30\/teilnahme-am-pokalschiessen-in-polen\/","og_locale":"de_DE","og_type":"article","og_title":"Teilnahme am Pokalschie\u00dfen in Polen - Reservistenkameradschaft Potsdam","og_description":"Die RK Potsdam nahm im Juni an einem Pokalschie\u00dfen in Polen teil. Dies diente den Reservisten als Vorbereitung f\u00fcr den internationalen Wettkampf Snajper.","og_url":"https:\/\/www.reservisten-brandenburg.de\/potsdam\/2015\/06\/30\/teilnahme-am-pokalschiessen-in-polen\/","og_site_name":"Reservistenkameradschaft Potsdam","article_publisher":"https:\/\/www.facebook.com\/rk.grosser.kurfuerst\/","article_author":"https:\/\/www.facebook.com\/ronald.nitschke.9","article_published_time":"2015-06-30T11:58:42+00:00","article_modified_time":"2020-06-08T23:34:04+00:00","og_image":[{"width":1600,"height":900,"url":"https:\/\/www.reservisten-brandenburg.de\/potsdam\/wp-content\/uploads\/sites\/3\/2020\/03\/RK-Potsdam_Schiessen_Polen.jpg","type":"image\/jpeg"}],"author":"Ronald Nitschke","twitter_card":"summary_large_image","twitter_creator":"@ResPotsdam","twitter_site":"@ResPotsdam","twitter_misc":{"Verfasst von":"Ronald Nitschke","Gesch\u00e4tzte Lesezeit":"1\u00a0Minute"},"schema":{"@context":"https:\/\/schema.org","@graph":[{"@type":"Article","@id":"https:\/\/www.reservisten-brandenburg.de\/potsdam\/2015\/06\/30\/teilnahme-am-pokalschiessen-in-polen\/#article","isPartOf":{"@id":"https:\/\/www.reservisten-brandenburg.de\/potsdam\/2015\/06\/30\/teilnahme-am-pokalschiessen-in-polen\/"},"author":{"name":"Ronald Nitschke","@id":"https:\/\/www.reservisten-brandenburg.de\/potsdam\/#\/schema\/person\/b99e21e3d546b3c5d8000a8c6369e917"},"headline":"Teilnahme am Pokalschie\u00dfen in Polen","datePublished":"2015-06-30T11:58:42+00:00","dateModified":"2020-06-08T23:34:04+00:00","mainEntityOfPage":{"@id":"https:\/\/www.reservisten-brandenburg.de\/potsdam\/2015\/06\/30\/teilnahme-am-pokalschiessen-in-polen\/"},"wordCount":177,"commentCount":0,"image":{"@id":"https:\/\/www.reservisten-brandenburg.de\/potsdam\/2015\/06\/30\/teilnahme-am-pokalschiessen-in-polen\/#primaryimage"},"thumbnailUrl":"https:\/\/www.reservisten-brandenburg.de\/potsdam\/wp-content\/uploads\/sites\/3\/2020\/03\/RK-Potsdam_Schiessen_Polen.jpg","keywords":["Polen","RK Potsdam","schie\u00dfen","Wettkampf"],"articleSection":["Gewehr","Pistole","RK Potsdam","Wettkampf"],"inLanguage":"de","potentialAction":[{"@type":"CommentAction","name":"Comment","target":["https:\/\/www.reservisten-brandenburg.de\/potsdam\/2015\/06\/30\/teilnahme-am-pokalschiessen-in-polen\/#respond"]}]},{"@type":"WebPage","@id":"https:\/\/www.reservisten-brandenburg.de\/potsdam\/2015\/06\/30\/teilnahme-am-pokalschiessen-in-polen\/","url":"https:\/\/www.reservisten-brandenburg.de\/potsdam\/2015\/06\/30\/teilnahme-am-pokalschiessen-in-polen\/","name":"Teilnahme am Pokalschie\u00dfen in Polen - Reservistenkameradschaft Potsdam","isPartOf":{"@id":"https:\/\/www.reservisten-brandenburg.de\/potsdam\/#website"},"primaryImageOfPage":{"@id":"https:\/\/www.reservisten-brandenburg.de\/potsdam\/2015\/06\/30\/teilnahme-am-pokalschiessen-in-polen\/#primaryimage"},"image":{"@id":"https:\/\/www.reservisten-brandenburg.de\/potsdam\/2015\/06\/30\/teilnahme-am-pokalschiessen-in-polen\/#primaryimage"},"thumbnailUrl":"https:\/\/www.reservisten-brandenburg.de\/potsdam\/wp-content\/uploads\/sites\/3\/2020\/03\/RK-Potsdam_Schiessen_Polen.jpg","datePublished":"2015-06-30T11:58:42+00:00","dateModified":"2020-06-08T23:34:04+00:00","author":{"@id":"https:\/\/www.reservisten-brandenburg.de\/potsdam\/#\/schema\/person\/b99e21e3d546b3c5d8000a8c6369e917"},"description":"Die RK Potsdam nahm im Juni an einem Pokalschie\u00dfen in Polen teil. Dies diente den Reservisten als Vorbereitung f\u00fcr den internationalen Wettkampf Snajper.","breadcrumb":{"@id":"https:\/\/www.reservisten-brandenburg.de\/potsdam\/2015\/06\/30\/teilnahme-am-pokalschiessen-in-polen\/#breadcrumb"},"inLanguage":"de","potentialAction":[{"@type":"ReadAction","target":["https:\/\/www.reservisten-brandenburg.de\/potsdam\/2015\/06\/30\/teilnahme-am-pokalschiessen-in-polen\/"]}]},{"@type":"ImageObject","inLanguage":"de","@id":"https:\/\/www.reservisten-brandenburg.de\/potsdam\/2015\/06\/30\/teilnahme-am-pokalschiessen-in-polen\/#primaryimage","url":"https:\/\/www.reservisten-brandenburg.de\/potsdam\/wp-content\/uploads\/sites\/3\/2020\/03\/RK-Potsdam_Schiessen_Polen.jpg","contentUrl":"https:\/\/www.reservisten-brandenburg.de\/potsdam\/wp-content\/uploads\/sites\/3\/2020\/03\/RK-Potsdam_Schiessen_Polen.jpg","width":1600,"height":900},{"@type":"BreadcrumbList","@id":"https:\/\/www.reservisten-brandenburg.de\/potsdam\/2015\/06\/30\/teilnahme-am-pokalschiessen-in-polen\/#breadcrumb","itemListElement":[{"@type":"ListItem","position":1,"name":"Startseite","item":"https:\/\/www.reservisten-brandenburg.de\/potsdam\/"},{"@type":"ListItem","position":2,"name":"Teilnahme am Pokalschie\u00dfen in Polen"}]},{"@type":"WebSite","@id":"https:\/\/www.reservisten-brandenburg.de\/potsdam\/#website","url":"https:\/\/www.reservisten-brandenburg.de\/potsdam\/","name":"Reservistenkameradschaft Potsdam","description":"Die Reserve in Potsdam","potentialAction":[{"@type":"SearchAction","target":{"@type":"EntryPoint","urlTemplate":"https:\/\/www.reservisten-brandenburg.de\/potsdam\/?s={search_term_string}"},"query-input":{"@type":"PropertyValueSpecification","valueRequired":true,"valueName":"search_term_string"}}],"inLanguage":"de"},{"@type":"Person","@id":"https:\/\/www.reservisten-brandenburg.de\/potsdam\/#\/schema\/person\/b99e21e3d546b3c5d8000a8c6369e917","name":"Ronald Nitschke","image":{"@type":"ImageObject","inLanguage":"de","@id":"https:\/\/secure.gravatar.com\/avatar\/4b4e956e7f12ebfeb975388715d2dca23111bc7627ddfce235ff01ea60cae6c6?s=96&d=mm&r=g","url":"https:\/\/secure.gravatar.com\/avatar\/4b4e956e7f12ebfeb975388715d2dca23111bc7627ddfce235ff01ea60cae6c6?s=96&d=mm&r=g","contentUrl":"https:\/\/secure.gravatar.com\/avatar\/4b4e956e7f12ebfeb975388715d2dca23111bc7627ddfce235ff01ea60cae6c6?s=96&d=mm&r=g","caption":"Ronald Nitschke"},"description":"Vorsitzender der Reservistenkameradschaft Potsdam und stellvertretender Landesvorsitzender mit Aufgabenschwerpunkt Presse und Kommunikation sowie IT und Digitalisierung.","sameAs":["https:\/\/www.ronaldnitschke.de","https:\/\/www.facebook.com\/ronald.nitschke.9","https:\/\/www.linkedin.com\/in\/ronaldnitschke\/","https:\/\/x.com\/ResPotsdam"],"url":"https:\/\/www.reservisten-brandenburg.de\/potsdam\/author\/ronald\/"}]}},"_links":{"self":[{"href":"https:\/\/www.reservisten-brandenburg.de\/potsdam\/wp-json\/wp\/v2\/posts\/5192","targetHints":{"allow":["GET"]}}],"collection":[{"href":"https:\/\/www.reservisten-brandenburg.de\/potsdam\/wp-json\/wp\/v2\/posts"}],"about":[{"href":"https:\/\/www.reservisten-brandenburg.de\/potsdam\/wp-json\/wp\/v2\/types\/post"}],"author":[{"embeddable":true,"href":"https:\/\/www.reservisten-brandenburg.de\/potsdam\/wp-json\/wp\/v2\/users\/12"}],"replies":[{"embeddable":true,"href":"https:\/\/www.reservisten-brandenburg.de\/potsdam\/wp-json\/wp\/v2\/comments?post=5192"}],"version-history":[{"count":0,"href":"https:\/\/www.reservisten-brandenburg.de\/potsdam\/wp-json\/wp\/v2\/posts\/5192\/revisions"}],"wp:featuredmedia":[{"embeddable":true,"href":"https:\/\/www.reservisten-brandenburg.de\/potsdam\/wp-json\/wp\/v2\/media\/66"}],"wp:attachment":[{"href":"https:\/\/www.reservisten-brandenburg.de\/potsdam\/wp-json\/wp\/v2\/media?parent=5192"}],"wp:term":[{"taxonomy":"category","embeddable":true,"href":"https:\/\/www.reservisten-brandenburg.de\/potsdam\/wp-json\/wp\/v2\/categories?post=5192"},{"taxonomy":"post_tag","embeddable":true,"href":"https:\/\/www.reservisten-brandenburg.de\/potsdam\/wp-json\/wp\/v2\/tags?post=5192"}],"curies":[{"name":"wp","href":"https:\/\/api.w.org\/{rel}","templated":true}]}}