{"id":301,"date":"2020-05-24T15:38:20","date_gmt":"2020-05-24T13:38:20","guid":{"rendered":"https:\/\/www.reservisten-brandenburg.de\/cyber\/2020\/05\/24\/auftakt-zu-online-ausbildungen-am-mittwoch\/"},"modified":"2020-08-13T13:54:15","modified_gmt":"2020-08-13T11:54:15","slug":"auftakt-zu-online-ausbildungen-am-mittwoch","status":"publish","type":"post","link":"https:\/\/www.reservisten-brandenburg.de\/cyber\/2020\/05\/24\/auftakt-zu-online-ausbildungen-am-mittwoch\/","title":{"rendered":"Auftakt zu Online-Ausbildungen am Mittwoch"},"content":{"rendered":"\n<p>Die Auftaktveranstaltung zu den geplanten Online-Ausbildungen findet am kommenden <strong>Mittwoch um 20:30 Uhr<\/strong> statt. Diese Ausbildung dient der Vorbereitung weiterf\u00fchrender Ausbildungen, insbesondere im Hinblick auf das geplante Gruppengefechtsschie\u00dfen.<\/p>\n\n\n\n<!--more-->\n\n\n\n<p>Zielgruppe sind neben den regelm\u00e4\u00dfigen Ausbildungsteilnehmern insbesondere auch Kameradinnen und Kameraden, die selten oder erstmalig an den Ausbildungen teilnehmen. Ziel ist es mit den beginnenden Ausbildungen darauf hinzuarbeiten, dass alle Reservisten zum geplanten <a rel=\"noreferrer noopener\" href=\"https:\/\/www.reservisten-brandenburg.de\/militaerische-ausbildung\/ausbildungsinhalte\/schiessen\/gefechtsschiessen\/\" target=\"_blank\">Gefechtsschie\u00dfen<\/a> den erforderlichen Ausbildungsstand erreichen.<\/p>\n\n\n\n<p>Zur Teilnahme ist ein Computer oder ein anderes onlinef\u00e4higes Ger\u00e4t notwendig. Die Veranstaltung wird per MS Teams durchgef\u00fchrt. Die angemeldeten Teilnehmer erhalten vor der Veranstaltung eine Einladung per E-Mail, in der auch ein Link zur Teilnahme enthalten ist.<\/p>\n\n\n\n<p>Zur Veranstaltung: <a href=\"https:\/\/www.reservisten-brandenburg.de\/event\/der-einzelschuetze-im-gruppengefechtsschiessen-online\/\">Der Einzelsch\u00fctze im Gruppengefechtsschie\u00dfen (online)<\/a><\/p>\n","protected":false},"excerpt":{"rendered":"<p>Die Auftaktveranstaltung zu den geplanten Online-Ausbildungen findet am kommenden Mittwoch um 20:30 Uhr statt. Diese Ausbildung dient der Vorbereitung weiterf\u00fchrender Ausbildungen, insbesondere im Hinblick auf das geplante Gruppengefechtsschie\u00dfen.<\/p>\n","protected":false},"author":12,"featured_media":302,"comment_status":"open","ping_status":"open","sticky":false,"template":"","format":"standard","meta":{"footnotes":""},"categories":[13,16,19],"tags":[26,21,23],"class_list":["post-301","post","type-post","status-publish","format-standard","has-post-thumbnail","hentry","category-it-und-digitalisierung","category-militaerische-ausbildung","category-sicherungszug","tag-corona","tag-online","tag-sicherungszug"],"yoast_head":"<!-- This site is optimized with the Yoast SEO plugin v27.4 - https:\/\/yoast.com\/product\/yoast-seo-wordpress\/ -->\n<title>Auftakt zu Online-Ausbildungen am Mittwoch - IT und Digitalisierung<\/title>\n<meta name=\"robots\" content=\"index, follow, max-snippet:-1, max-image-preview:large, max-video-preview:-1\" \/>\n<link rel=\"canonical\" href=\"https:\/\/www.reservisten-brandenburg.de\/blog\/2020\/05\/24\/auftakt-zu-online-ausbildungen-am-mittwoch\/\" \/>\n<meta property=\"og:locale\" content=\"de_DE\" \/>\n<meta property=\"og:type\" content=\"article\" \/>\n<meta property=\"og:title\" content=\"Auftakt zu Online-Ausbildungen am Mittwoch - IT und Digitalisierung\" \/>\n<meta property=\"og:description\" content=\"Die Auftaktveranstaltung zu den geplanten Online-Ausbildungen findet am kommenden Mittwoch um 20:30 Uhr statt. Diese Ausbildung dient der Vorbereitung weiterf\u00fchrender Ausbildungen, insbesondere im Hinblick auf das geplante Gruppengefechtsschie\u00dfen.\" \/>\n<meta property=\"og:url\" content=\"https:\/\/www.reservisten-brandenburg.de\/blog\/2020\/05\/24\/auftakt-zu-online-ausbildungen-am-mittwoch\/\" \/>\n<meta property=\"og:site_name\" content=\"IT und Digitalisierung\" \/>\n<meta property=\"article:publisher\" content=\"https:\/\/www.facebook.com\/reservisten.brandenburg\/\" \/>\n<meta property=\"article:author\" content=\"https:\/\/www.facebook.com\/ronald.nitschke.9\" \/>\n<meta property=\"article:published_time\" content=\"2020-05-24T13:38:20+00:00\" \/>\n<meta property=\"article:modified_time\" content=\"2020-08-13T11:54:15+00:00\" \/>\n<meta property=\"og:image\" content=\"https:\/\/www.reservisten-brandenburg.de\/cyber\/wp-content\/uploads\/sites\/12\/2020\/08\/Sicherung_Reservisten_Maschinengewehr.jpg\" \/>\n\t<meta property=\"og:image:width\" content=\"1600\" \/>\n\t<meta property=\"og:image:height\" content=\"900\" \/>\n\t<meta property=\"og:image:type\" content=\"image\/jpeg\" \/>\n<meta name=\"author\" content=\"Ronald Nitschke\" \/>\n<meta name=\"twitter:card\" content=\"summary_large_image\" \/>\n<meta name=\"twitter:creator\" content=\"@ResPotsdam\" \/>\n<meta name=\"twitter:site\" content=\"@ResBrandenburg\" \/>\n<meta name=\"twitter:label1\" content=\"Verfasst von\" \/>\n\t<meta name=\"twitter:data1\" content=\"Ronald Nitschke\" \/>\n\t<meta name=\"twitter:label2\" content=\"Gesch\u00e4tzte Lesezeit\" \/>\n\t<meta name=\"twitter:data2\" content=\"1\u00a0Minute\" \/>\n<script type=\"application\/ld+json\" class=\"yoast-schema-graph\">{\"@context\":\"https:\\\/\\\/schema.org\",\"@graph\":[{\"@type\":\"Article\",\"@id\":\"https:\\\/\\\/www.reservisten-brandenburg.de\\\/blog\\\/2020\\\/05\\\/24\\\/auftakt-zu-online-ausbildungen-am-mittwoch\\\/#article\",\"isPartOf\":{\"@id\":\"https:\\\/\\\/www.reservisten-brandenburg.de\\\/cyber\\\/2020\\\/05\\\/24\\\/auftakt-zu-online-ausbildungen-am-mittwoch\\\/\"},\"author\":{\"name\":\"Ronald Nitschke\",\"@id\":\"https:\\\/\\\/www.reservisten-brandenburg.de\\\/cyber\\\/#\\\/schema\\\/person\\\/b99e21e3d546b3c5d8000a8c6369e917\"},\"headline\":\"Auftakt zu Online-Ausbildungen am Mittwoch\",\"datePublished\":\"2020-05-24T13:38:20+00:00\",\"dateModified\":\"2020-08-13T11:54:15+00:00\",\"mainEntityOfPage\":{\"@id\":\"https:\\\/\\\/www.reservisten-brandenburg.de\\\/cyber\\\/2020\\\/05\\\/24\\\/auftakt-zu-online-ausbildungen-am-mittwoch\\\/\"},\"wordCount\":124,\"commentCount\":0,\"publisher\":{\"@id\":\"https:\\\/\\\/www.reservisten-brandenburg.de\\\/cyber\\\/#organization\"},\"image\":{\"@id\":\"https:\\\/\\\/www.reservisten-brandenburg.de\\\/blog\\\/2020\\\/05\\\/24\\\/auftakt-zu-online-ausbildungen-am-mittwoch\\\/#primaryimage\"},\"thumbnailUrl\":\"https:\\\/\\\/www.reservisten-brandenburg.de\\\/cyber\\\/wp-content\\\/uploads\\\/sites\\\/12\\\/2020\\\/08\\\/Sicherung_Reservisten_Maschinengewehr.jpg\",\"keywords\":[\"Corona\",\"Online\",\"Sicherungszug\"],\"articleSection\":[\"IT und Digitalisierung\",\"Milit\u00e4rische Ausbildung\",\"Sicherungszug\"],\"inLanguage\":\"de\",\"potentialAction\":[{\"@type\":\"CommentAction\",\"name\":\"Comment\",\"target\":[\"https:\\\/\\\/www.reservisten-brandenburg.de\\\/blog\\\/2020\\\/05\\\/24\\\/auftakt-zu-online-ausbildungen-am-mittwoch\\\/#respond\"]}]},{\"@type\":\"WebPage\",\"@id\":\"https:\\\/\\\/www.reservisten-brandenburg.de\\\/cyber\\\/2020\\\/05\\\/24\\\/auftakt-zu-online-ausbildungen-am-mittwoch\\\/\",\"url\":\"https:\\\/\\\/www.reservisten-brandenburg.de\\\/blog\\\/2020\\\/05\\\/24\\\/auftakt-zu-online-ausbildungen-am-mittwoch\\\/\",\"name\":\"Auftakt zu Online-Ausbildungen am Mittwoch - IT und Digitalisierung\",\"isPartOf\":{\"@id\":\"https:\\\/\\\/www.reservisten-brandenburg.de\\\/cyber\\\/#website\"},\"primaryImageOfPage\":{\"@id\":\"https:\\\/\\\/www.reservisten-brandenburg.de\\\/blog\\\/2020\\\/05\\\/24\\\/auftakt-zu-online-ausbildungen-am-mittwoch\\\/#primaryimage\"},\"image\":{\"@id\":\"https:\\\/\\\/www.reservisten-brandenburg.de\\\/blog\\\/2020\\\/05\\\/24\\\/auftakt-zu-online-ausbildungen-am-mittwoch\\\/#primaryimage\"},\"thumbnailUrl\":\"https:\\\/\\\/www.reservisten-brandenburg.de\\\/cyber\\\/wp-content\\\/uploads\\\/sites\\\/12\\\/2020\\\/08\\\/Sicherung_Reservisten_Maschinengewehr.jpg\",\"datePublished\":\"2020-05-24T13:38:20+00:00\",\"dateModified\":\"2020-08-13T11:54:15+00:00\",\"breadcrumb\":{\"@id\":\"https:\\\/\\\/www.reservisten-brandenburg.de\\\/blog\\\/2020\\\/05\\\/24\\\/auftakt-zu-online-ausbildungen-am-mittwoch\\\/#breadcrumb\"},\"inLanguage\":\"de\",\"potentialAction\":[{\"@type\":\"ReadAction\",\"target\":[\"https:\\\/\\\/www.reservisten-brandenburg.de\\\/blog\\\/2020\\\/05\\\/24\\\/auftakt-zu-online-ausbildungen-am-mittwoch\\\/\"]}]},{\"@type\":\"ImageObject\",\"inLanguage\":\"de\",\"@id\":\"https:\\\/\\\/www.reservisten-brandenburg.de\\\/blog\\\/2020\\\/05\\\/24\\\/auftakt-zu-online-ausbildungen-am-mittwoch\\\/#primaryimage\",\"url\":\"https:\\\/\\\/www.reservisten-brandenburg.de\\\/cyber\\\/wp-content\\\/uploads\\\/sites\\\/12\\\/2020\\\/08\\\/Sicherung_Reservisten_Maschinengewehr.jpg\",\"contentUrl\":\"https:\\\/\\\/www.reservisten-brandenburg.de\\\/cyber\\\/wp-content\\\/uploads\\\/sites\\\/12\\\/2020\\\/08\\\/Sicherung_Reservisten_Maschinengewehr.jpg\",\"width\":1600,\"height\":900,\"caption\":\"Reservisten sichern das Gel\u00e4nde (Foto: Ronald Nitschke)\"},{\"@type\":\"BreadcrumbList\",\"@id\":\"https:\\\/\\\/www.reservisten-brandenburg.de\\\/blog\\\/2020\\\/05\\\/24\\\/auftakt-zu-online-ausbildungen-am-mittwoch\\\/#breadcrumb\",\"itemListElement\":[{\"@type\":\"ListItem\",\"position\":1,\"name\":\"Startseite\",\"item\":\"https:\\\/\\\/www.reservisten-brandenburg.de\\\/cyber\\\/\"},{\"@type\":\"ListItem\",\"position\":2,\"name\":\"Auftakt zu Online-Ausbildungen am Mittwoch\"}]},{\"@type\":\"WebSite\",\"@id\":\"https:\\\/\\\/www.reservisten-brandenburg.de\\\/cyber\\\/#website\",\"url\":\"https:\\\/\\\/www.reservisten-brandenburg.de\\\/cyber\\\/\",\"name\":\"IT und Digitalisierung\",\"description\":\"Reservistenverband Brandenburg - IT und Digitalisierung\",\"publisher\":{\"@id\":\"https:\\\/\\\/www.reservisten-brandenburg.de\\\/cyber\\\/#organization\"},\"potentialAction\":[{\"@type\":\"SearchAction\",\"target\":{\"@type\":\"EntryPoint\",\"urlTemplate\":\"https:\\\/\\\/www.reservisten-brandenburg.de\\\/cyber\\\/?s={search_term_string}\"},\"query-input\":{\"@type\":\"PropertyValueSpecification\",\"valueRequired\":true,\"valueName\":\"search_term_string\"}}],\"inLanguage\":\"de\"},{\"@type\":\"Organization\",\"@id\":\"https:\\\/\\\/www.reservisten-brandenburg.de\\\/cyber\\\/#organization\",\"name\":\"Reservistenverband Brandenburg\",\"url\":\"https:\\\/\\\/www.reservisten-brandenburg.de\\\/cyber\\\/\",\"logo\":{\"@type\":\"ImageObject\",\"inLanguage\":\"de\",\"@id\":\"https:\\\/\\\/www.reservisten-brandenburg.de\\\/cyber\\\/#\\\/schema\\\/logo\\\/image\\\/\",\"url\":\"\",\"contentUrl\":\"\",\"caption\":\"Reservistenverband Brandenburg\"},\"image\":{\"@id\":\"https:\\\/\\\/www.reservisten-brandenburg.de\\\/cyber\\\/#\\\/schema\\\/logo\\\/image\\\/\"},\"sameAs\":[\"https:\\\/\\\/www.facebook.com\\\/reservisten.brandenburg\\\/\",\"https:\\\/\\\/x.com\\\/ResBrandenburg\",\"https:\\\/\\\/www.youtube.com\\\/channel\\\/UC30IySNYu79rnI6_89Sdf_A\",\"https:\\\/\\\/de.wikipedia.org\\\/wiki\\\/Verband_der_Reservisten_der_Deutschen_Bundeswehr\"]},{\"@type\":\"Person\",\"@id\":\"https:\\\/\\\/www.reservisten-brandenburg.de\\\/cyber\\\/#\\\/schema\\\/person\\\/b99e21e3d546b3c5d8000a8c6369e917\",\"name\":\"Ronald Nitschke\",\"image\":{\"@type\":\"ImageObject\",\"inLanguage\":\"de\",\"@id\":\"https:\\\/\\\/secure.gravatar.com\\\/avatar\\\/4b4e956e7f12ebfeb975388715d2dca23111bc7627ddfce235ff01ea60cae6c6?s=96&d=mm&r=g\",\"url\":\"https:\\\/\\\/secure.gravatar.com\\\/avatar\\\/4b4e956e7f12ebfeb975388715d2dca23111bc7627ddfce235ff01ea60cae6c6?s=96&d=mm&r=g\",\"contentUrl\":\"https:\\\/\\\/secure.gravatar.com\\\/avatar\\\/4b4e956e7f12ebfeb975388715d2dca23111bc7627ddfce235ff01ea60cae6c6?s=96&d=mm&r=g\",\"caption\":\"Ronald Nitschke\"},\"description\":\"Vorsitzender der Reservistenkameradschaft Potsdam und stellvertretender Landesvorsitzender mit Aufgabenschwerpunkt Presse und Kommunikation sowie IT und Digitalisierung.\",\"sameAs\":[\"https:\\\/\\\/www.ronaldnitschke.de\",\"https:\\\/\\\/www.facebook.com\\\/ronald.nitschke.9\",\"https:\\\/\\\/www.linkedin.com\\\/in\\\/ronaldnitschke\\\/\",\"https:\\\/\\\/x.com\\\/ResPotsdam\"],\"url\":\"https:\\\/\\\/www.reservisten-brandenburg.de\\\/cyber\\\/author\\\/ronald\\\/\"}]}<\/script>\n<!-- \/ Yoast SEO plugin. -->","yoast_head_json":{"title":"Auftakt zu Online-Ausbildungen am Mittwoch - IT und Digitalisierung","robots":{"index":"index","follow":"follow","max-snippet":"max-snippet:-1","max-image-preview":"max-image-preview:large","max-video-preview":"max-video-preview:-1"},"canonical":"https:\/\/www.reservisten-brandenburg.de\/blog\/2020\/05\/24\/auftakt-zu-online-ausbildungen-am-mittwoch\/","og_locale":"de_DE","og_type":"article","og_title":"Auftakt zu Online-Ausbildungen am Mittwoch - IT und Digitalisierung","og_description":"Die Auftaktveranstaltung zu den geplanten Online-Ausbildungen findet am kommenden Mittwoch um 20:30 Uhr statt. Diese Ausbildung dient der Vorbereitung weiterf\u00fchrender Ausbildungen, insbesondere im Hinblick auf das geplante Gruppengefechtsschie\u00dfen.","og_url":"https:\/\/www.reservisten-brandenburg.de\/blog\/2020\/05\/24\/auftakt-zu-online-ausbildungen-am-mittwoch\/","og_site_name":"IT und Digitalisierung","article_publisher":"https:\/\/www.facebook.com\/reservisten.brandenburg\/","article_author":"https:\/\/www.facebook.com\/ronald.nitschke.9","article_published_time":"2020-05-24T13:38:20+00:00","article_modified_time":"2020-08-13T11:54:15+00:00","og_image":[{"width":1600,"height":900,"url":"https:\/\/www.reservisten-brandenburg.de\/cyber\/wp-content\/uploads\/sites\/12\/2020\/08\/Sicherung_Reservisten_Maschinengewehr.jpg","type":"image\/jpeg"}],"author":"Ronald Nitschke","twitter_card":"summary_large_image","twitter_creator":"@ResPotsdam","twitter_site":"@ResBrandenburg","twitter_misc":{"Verfasst von":"Ronald Nitschke","Gesch\u00e4tzte Lesezeit":"1\u00a0Minute"},"schema":{"@context":"https:\/\/schema.org","@graph":[{"@type":"Article","@id":"https:\/\/www.reservisten-brandenburg.de\/blog\/2020\/05\/24\/auftakt-zu-online-ausbildungen-am-mittwoch\/#article","isPartOf":{"@id":"https:\/\/www.reservisten-brandenburg.de\/cyber\/2020\/05\/24\/auftakt-zu-online-ausbildungen-am-mittwoch\/"},"author":{"name":"Ronald Nitschke","@id":"https:\/\/www.reservisten-brandenburg.de\/cyber\/#\/schema\/person\/b99e21e3d546b3c5d8000a8c6369e917"},"headline":"Auftakt zu Online-Ausbildungen am Mittwoch","datePublished":"2020-05-24T13:38:20+00:00","dateModified":"2020-08-13T11:54:15+00:00","mainEntityOfPage":{"@id":"https:\/\/www.reservisten-brandenburg.de\/cyber\/2020\/05\/24\/auftakt-zu-online-ausbildungen-am-mittwoch\/"},"wordCount":124,"commentCount":0,"publisher":{"@id":"https:\/\/www.reservisten-brandenburg.de\/cyber\/#organization"},"image":{"@id":"https:\/\/www.reservisten-brandenburg.de\/blog\/2020\/05\/24\/auftakt-zu-online-ausbildungen-am-mittwoch\/#primaryimage"},"thumbnailUrl":"https:\/\/www.reservisten-brandenburg.de\/cyber\/wp-content\/uploads\/sites\/12\/2020\/08\/Sicherung_Reservisten_Maschinengewehr.jpg","keywords":["Corona","Online","Sicherungszug"],"articleSection":["IT und Digitalisierung","Milit\u00e4rische Ausbildung","Sicherungszug"],"inLanguage":"de","potentialAction":[{"@type":"CommentAction","name":"Comment","target":["https:\/\/www.reservisten-brandenburg.de\/blog\/2020\/05\/24\/auftakt-zu-online-ausbildungen-am-mittwoch\/#respond"]}]},{"@type":"WebPage","@id":"https:\/\/www.reservisten-brandenburg.de\/cyber\/2020\/05\/24\/auftakt-zu-online-ausbildungen-am-mittwoch\/","url":"https:\/\/www.reservisten-brandenburg.de\/blog\/2020\/05\/24\/auftakt-zu-online-ausbildungen-am-mittwoch\/","name":"Auftakt zu Online-Ausbildungen am Mittwoch - IT und Digitalisierung","isPartOf":{"@id":"https:\/\/www.reservisten-brandenburg.de\/cyber\/#website"},"primaryImageOfPage":{"@id":"https:\/\/www.reservisten-brandenburg.de\/blog\/2020\/05\/24\/auftakt-zu-online-ausbildungen-am-mittwoch\/#primaryimage"},"image":{"@id":"https:\/\/www.reservisten-brandenburg.de\/blog\/2020\/05\/24\/auftakt-zu-online-ausbildungen-am-mittwoch\/#primaryimage"},"thumbnailUrl":"https:\/\/www.reservisten-brandenburg.de\/cyber\/wp-content\/uploads\/sites\/12\/2020\/08\/Sicherung_Reservisten_Maschinengewehr.jpg","datePublished":"2020-05-24T13:38:20+00:00","dateModified":"2020-08-13T11:54:15+00:00","breadcrumb":{"@id":"https:\/\/www.reservisten-brandenburg.de\/blog\/2020\/05\/24\/auftakt-zu-online-ausbildungen-am-mittwoch\/#breadcrumb"},"inLanguage":"de","potentialAction":[{"@type":"ReadAction","target":["https:\/\/www.reservisten-brandenburg.de\/blog\/2020\/05\/24\/auftakt-zu-online-ausbildungen-am-mittwoch\/"]}]},{"@type":"ImageObject","inLanguage":"de","@id":"https:\/\/www.reservisten-brandenburg.de\/blog\/2020\/05\/24\/auftakt-zu-online-ausbildungen-am-mittwoch\/#primaryimage","url":"https:\/\/www.reservisten-brandenburg.de\/cyber\/wp-content\/uploads\/sites\/12\/2020\/08\/Sicherung_Reservisten_Maschinengewehr.jpg","contentUrl":"https:\/\/www.reservisten-brandenburg.de\/cyber\/wp-content\/uploads\/sites\/12\/2020\/08\/Sicherung_Reservisten_Maschinengewehr.jpg","width":1600,"height":900,"caption":"Reservisten sichern das Gel\u00e4nde (Foto: Ronald Nitschke)"},{"@type":"BreadcrumbList","@id":"https:\/\/www.reservisten-brandenburg.de\/blog\/2020\/05\/24\/auftakt-zu-online-ausbildungen-am-mittwoch\/#breadcrumb","itemListElement":[{"@type":"ListItem","position":1,"name":"Startseite","item":"https:\/\/www.reservisten-brandenburg.de\/cyber\/"},{"@type":"ListItem","position":2,"name":"Auftakt zu Online-Ausbildungen am Mittwoch"}]},{"@type":"WebSite","@id":"https:\/\/www.reservisten-brandenburg.de\/cyber\/#website","url":"https:\/\/www.reservisten-brandenburg.de\/cyber\/","name":"IT und Digitalisierung","description":"Reservistenverband Brandenburg - IT und Digitalisierung","publisher":{"@id":"https:\/\/www.reservisten-brandenburg.de\/cyber\/#organization"},"potentialAction":[{"@type":"SearchAction","target":{"@type":"EntryPoint","urlTemplate":"https:\/\/www.reservisten-brandenburg.de\/cyber\/?s={search_term_string}"},"query-input":{"@type":"PropertyValueSpecification","valueRequired":true,"valueName":"search_term_string"}}],"inLanguage":"de"},{"@type":"Organization","@id":"https:\/\/www.reservisten-brandenburg.de\/cyber\/#organization","name":"Reservistenverband Brandenburg","url":"https:\/\/www.reservisten-brandenburg.de\/cyber\/","logo":{"@type":"ImageObject","inLanguage":"de","@id":"https:\/\/www.reservisten-brandenburg.de\/cyber\/#\/schema\/logo\/image\/","url":"","contentUrl":"","caption":"Reservistenverband Brandenburg"},"image":{"@id":"https:\/\/www.reservisten-brandenburg.de\/cyber\/#\/schema\/logo\/image\/"},"sameAs":["https:\/\/www.facebook.com\/reservisten.brandenburg\/","https:\/\/x.com\/ResBrandenburg","https:\/\/www.youtube.com\/channel\/UC30IySNYu79rnI6_89Sdf_A","https:\/\/de.wikipedia.org\/wiki\/Verband_der_Reservisten_der_Deutschen_Bundeswehr"]},{"@type":"Person","@id":"https:\/\/www.reservisten-brandenburg.de\/cyber\/#\/schema\/person\/b99e21e3d546b3c5d8000a8c6369e917","name":"Ronald Nitschke","image":{"@type":"ImageObject","inLanguage":"de","@id":"https:\/\/secure.gravatar.com\/avatar\/4b4e956e7f12ebfeb975388715d2dca23111bc7627ddfce235ff01ea60cae6c6?s=96&d=mm&r=g","url":"https:\/\/secure.gravatar.com\/avatar\/4b4e956e7f12ebfeb975388715d2dca23111bc7627ddfce235ff01ea60cae6c6?s=96&d=mm&r=g","contentUrl":"https:\/\/secure.gravatar.com\/avatar\/4b4e956e7f12ebfeb975388715d2dca23111bc7627ddfce235ff01ea60cae6c6?s=96&d=mm&r=g","caption":"Ronald Nitschke"},"description":"Vorsitzender der Reservistenkameradschaft Potsdam und stellvertretender Landesvorsitzender mit Aufgabenschwerpunkt Presse und Kommunikation sowie IT und Digitalisierung.","sameAs":["https:\/\/www.ronaldnitschke.de","https:\/\/www.facebook.com\/ronald.nitschke.9","https:\/\/www.linkedin.com\/in\/ronaldnitschke\/","https:\/\/x.com\/ResPotsdam"],"url":"https:\/\/www.reservisten-brandenburg.de\/cyber\/author\/ronald\/"}]}},"_links":{"self":[{"href":"https:\/\/www.reservisten-brandenburg.de\/cyber\/wp-json\/wp\/v2\/posts\/301","targetHints":{"allow":["GET"]}}],"collection":[{"href":"https:\/\/www.reservisten-brandenburg.de\/cyber\/wp-json\/wp\/v2\/posts"}],"about":[{"href":"https:\/\/www.reservisten-brandenburg.de\/cyber\/wp-json\/wp\/v2\/types\/post"}],"author":[{"embeddable":true,"href":"https:\/\/www.reservisten-brandenburg.de\/cyber\/wp-json\/wp\/v2\/users\/12"}],"replies":[{"embeddable":true,"href":"https:\/\/www.reservisten-brandenburg.de\/cyber\/wp-json\/wp\/v2\/comments?post=301"}],"version-history":[{"count":0,"href":"https:\/\/www.reservisten-brandenburg.de\/cyber\/wp-json\/wp\/v2\/posts\/301\/revisions"}],"wp:featuredmedia":[{"embeddable":true,"href":"https:\/\/www.reservisten-brandenburg.de\/cyber\/wp-json\/wp\/v2\/media\/302"}],"wp:attachment":[{"href":"https:\/\/www.reservisten-brandenburg.de\/cyber\/wp-json\/wp\/v2\/media?parent=301"}],"wp:term":[{"taxonomy":"category","embeddable":true,"href":"https:\/\/www.reservisten-brandenburg.de\/cyber\/wp-json\/wp\/v2\/categories?post=301"},{"taxonomy":"post_tag","embeddable":true,"href":"https:\/\/www.reservisten-brandenburg.de\/cyber\/wp-json\/wp\/v2\/tags?post=301"}],"curies":[{"name":"wp","href":"https:\/\/api.w.org\/{rel}","templated":true}]}}